{"id":3664,"date":"2026-09-01T13:49:47","date_gmt":"2026-09-01T11:49:47","guid":{"rendered":"https:\/\/www.alpcm.fr\/?p=3664"},"modified":"2026-09-05T14:07:27","modified_gmt":"2026-09-05T12:07:27","slug":"ouverture-de-la-saison-2026-2027","status":"publish","type":"post","link":"https:\/\/www.alpcm.fr\/?p=3664","title":{"rendered":"Lancement de la saison 2026-2027"},"content":{"rendered":"\n<div class=\"wp-block-columns is-layout-flex wp-container-core-columns-is-layout-8f761849 wp-block-columns-is-layout-flex\">\n<div class=\"wp-block-column is-layout-flow wp-block-column-is-layout-flow\" style=\"flex-basis:66.66%\">\n<p class=\"wp-block-paragraph\">D\u00e8s la premi\u00e8re semaine d&rsquo;ao\u00fbt, les Dockeuses se sont retrouv\u00e9es sur le terrain pour d\u00e9marrer les entra\u00eenements individuels et collectifs. Vous pouvez retrouver la nouvelle composition de l&rsquo;\u00e9quipe sur <a href=\"https:\/\/www.alpcm.fr\/?page_id=107\">notre site<\/a>, sur notre <a href=\"https:\/\/www.instagram.com\/alpcm_nantes\/\">instagram<\/a>, mais surtout sur le terrain : les matchs de pr\u00e9paration sont en cours et nous accueillons La Roche vend\u00e9e mercredi 2 septembre au gymnase Gaston Turpin ! Puis, nous accueillons 4 belles \u00e9quipes de la r\u00e9gion pour l&rsquo;Open 44, les 5 et 6 septembre. On vous y attend nombreux !<\/p>\n\n\n\n<p class=\"wp-block-paragraph\">C\u00f4t\u00e9 club les stages de basket ont repris le 17 ao\u00fbt pour les jeunes joueurs les plus motiv\u00e9s ! Les entra\u00eenements de la saison ont d\u00e9marr\u00e9 la m\u00eame semaine que la rentr\u00e9e scolaire : la semaine du 31 ao\u00fbt. Les championnats d\u00e9marrent le 12 septembre et d&rsquo;ici l\u00e0, retrouvez vos plannings d&rsquo;entra\u00eenement et <\/p>\n\n\n\n<p class=\"wp-block-paragraph\">Enfin, vendredi 4 septembre aura lieue l&rsquo;Assembl\u00e9e g\u00e9n\u00e9rale de l&rsquo;association. Au programme, pr\u00e9sentation du bilan 2025-2026 avec la belle 4e position de notre \u00e9quipe 1 en NF1, la mont\u00e9e de notre \u00e9quipe 2 en NF3, les nouveaux b\u00e9n\u00e9voles et les d\u00e9parts, les recrutement sportifs et les \u00e9volutions de notre structure.<\/p>\n<\/div>\n\n\n\n<div class=\"wp-block-column is-layout-flow wp-block-column-is-layout-flow\" style=\"flex-basis:33.33%\">\n<figure class=\"wp-block-image size-full\"><img loading=\"lazy\" decoding=\"async\" width=\"1080\" height=\"1350\" src=\"http:\/\/www.alpcm.fr\/wp-content\/uploads\/2026\/09\/POST-Evenement.png\" alt=\"\" class=\"wp-image-3665\"\/><\/figure>\n<\/div>\n<\/div>\n","protected":false},"excerpt":{"rendered":"<p>D\u00e8s la premi\u00e8re semaine d&rsquo;ao\u00fbt, les Dockeuses se sont retrouv\u00e9es sur le terrain pour d\u00e9marrer les entra\u00eenements individuels et collectifs. Vous pouvez retrouver la nouvelle composition de l&rsquo;\u00e9quipe sur notre site, sur notre instagram, mais surtout sur le terrain : les matchs de pr\u00e9paration sont en cours et nous accueillons La Roche vend\u00e9e mercredi 2&#8230;<\/p>\n","protected":false},"author":1,"featured_media":3667,"comment_status":"closed","ping_status":"open","sticky":false,"template":"","format":"standard","meta":{"_kad_post_transparent":"","_kad_post_title":"","_kad_post_layout":"","_kad_post_sidebar_id":"","_kad_post_content_style":"","_kad_post_vertical_padding":"","_kad_post_feature":"","_kad_post_feature_position":"","_kad_post_header":false,"_kad_post_footer":false,"_kad_post_classname":"","footnotes":""},"categories":[8,29],"tags":[52,30],"class_list":["post-3664","post","type-post","status-publish","format-standard","has-post-thumbnail","hentry","category-evenements","category-home-page","tag-club","tag-nf1"],"yoast_head":"<!-- This site is optimized with the Yoast SEO plugin v28.2 - https:\/\/yoast.com\/product\/yoast-seo-wordpress\/ -->\n<title>Lancement de la saison 2026-2027 &#8211; ALPCM<\/title>\n<meta name=\"description\" content=\"Les derni\u00e8res actus du club de basket de l&#039;ALPCM \u00e9voluant dans le quartier du Coudray, \u00e0 Nantes. Retrouvez l&#039;agenda, les prochains camps basket et les calendriers des matchs.\" \/>\n<meta name=\"robots\" content=\"index, follow, max-snippet:-1, max-image-preview:large, max-video-preview:-1\" \/>\n<link rel=\"canonical\" href=\"https:\/\/www.alpcm.fr\/?p=3664\" \/>\n<meta property=\"og:locale\" content=\"fr_FR\" \/>\n<meta property=\"og:type\" content=\"article\" \/>\n<meta property=\"og:title\" content=\"Lancement de la saison 2026-2027 &#8211; ALPCM\" \/>\n<meta property=\"og:description\" content=\"Les derni\u00e8res actus du club de basket de l&#039;ALPCM \u00e9voluant dans le quartier du Coudray, \u00e0 Nantes. Retrouvez l&#039;agenda, les prochains camps basket et les calendriers des matchs.\" \/>\n<meta property=\"og:url\" content=\"https:\/\/www.alpcm.fr\/?p=3664\" \/>\n<meta property=\"og:site_name\" content=\"ALPCM\" \/>\n<meta property=\"article:publisher\" content=\"https:\/\/www.facebook.com\/ALPCMLeBasketEnJauneEtNoir\/\" \/>\n<meta property=\"article:published_time\" content=\"2026-09-01T11:49:47+00:00\" \/>\n<meta property=\"article:modified_time\" content=\"2026-09-05T12:07:27+00:00\" \/>\n<meta property=\"og:image\" content=\"http:\/\/www.alpcm.fr\/wp-content\/uploads\/2026\/09\/Open-44.png\" \/>\n\t<meta property=\"og:image:width\" content=\"1080\" \/>\n\t<meta property=\"og:image:height\" content=\"586\" \/>\n\t<meta property=\"og:image:type\" content=\"image\/png\" \/>\n<meta name=\"author\" content=\"alpcm_admin\" \/>\n<meta name=\"twitter:card\" content=\"summary_large_image\" \/>\n<meta name=\"twitter:label1\" content=\"\u00c9crit par\" \/>\n\t<meta name=\"twitter:data1\" content=\"alpcm_admin\" \/>\n\t<meta name=\"twitter:label2\" content=\"Dur\u00e9e de lecture estim\u00e9e\" \/>\n\t<meta name=\"twitter:data2\" content=\"2 minutes\" \/>\n<script type=\"application\/ld+json\" class=\"yoast-schema-graph\">{\"@context\":\"https:\\\/\\\/schema.org\",\"@graph\":[{\"@type\":\"Article\",\"@id\":\"https:\\\/\\\/www.alpcm.fr\\\/?p=3664#article\",\"isPartOf\":{\"@id\":\"https:\\\/\\\/www.alpcm.fr\\\/?p=3664\"},\"author\":{\"name\":\"alpcm_admin\",\"@id\":\"https:\\\/\\\/www.alpcm.fr\\\/#\\\/schema\\\/person\\\/fce3d60b93843dd5ef0568928ce93148\"},\"headline\":\"Lancement de la saison 2026-2027\",\"datePublished\":\"2026-09-01T11:49:47+00:00\",\"dateModified\":\"2026-09-05T12:07:27+00:00\",\"mainEntityOfPage\":{\"@id\":\"https:\\\/\\\/www.alpcm.fr\\\/?p=3664\"},\"wordCount\":210,\"publisher\":{\"@id\":\"https:\\\/\\\/www.alpcm.fr\\\/#organization\"},\"image\":{\"@id\":\"https:\\\/\\\/www.alpcm.fr\\\/?p=3664#primaryimage\"},\"thumbnailUrl\":\"https:\\\/\\\/www.alpcm.fr\\\/wp-content\\\/uploads\\\/2026\\\/09\\\/Open-44.png\",\"keywords\":[\"club\",\"NF1\"],\"articleSection\":[\"\u00c9v\u00e9nements\",\"Home-page\"],\"inLanguage\":\"fr-FR\"},{\"@type\":\"WebPage\",\"@id\":\"https:\\\/\\\/www.alpcm.fr\\\/?p=3664\",\"url\":\"https:\\\/\\\/www.alpcm.fr\\\/?p=3664\",\"name\":\"Lancement de la saison 2026-2027 &#8211; ALPCM\",\"isPartOf\":{\"@id\":\"https:\\\/\\\/www.alpcm.fr\\\/#website\"},\"primaryImageOfPage\":{\"@id\":\"https:\\\/\\\/www.alpcm.fr\\\/?p=3664#primaryimage\"},\"image\":{\"@id\":\"https:\\\/\\\/www.alpcm.fr\\\/?p=3664#primaryimage\"},\"thumbnailUrl\":\"https:\\\/\\\/www.alpcm.fr\\\/wp-content\\\/uploads\\\/2026\\\/09\\\/Open-44.png\",\"datePublished\":\"2026-09-01T11:49:47+00:00\",\"dateModified\":\"2026-09-05T12:07:27+00:00\",\"description\":\"Les derni\u00e8res actus du club de basket de l'ALPCM \u00e9voluant dans le quartier du Coudray, \u00e0 Nantes. Retrouvez l'agenda, les prochains camps basket et les calendriers des matchs.\",\"breadcrumb\":{\"@id\":\"https:\\\/\\\/www.alpcm.fr\\\/?p=3664#breadcrumb\"},\"inLanguage\":\"fr-FR\",\"potentialAction\":[{\"@type\":\"ReadAction\",\"target\":[\"https:\\\/\\\/www.alpcm.fr\\\/?p=3664\"]}]},{\"@type\":\"ImageObject\",\"inLanguage\":\"fr-FR\",\"@id\":\"https:\\\/\\\/www.alpcm.fr\\\/?p=3664#primaryimage\",\"url\":\"https:\\\/\\\/www.alpcm.fr\\\/wp-content\\\/uploads\\\/2026\\\/09\\\/Open-44.png\",\"contentUrl\":\"https:\\\/\\\/www.alpcm.fr\\\/wp-content\\\/uploads\\\/2026\\\/09\\\/Open-44.png\",\"width\":1080,\"height\":586},{\"@type\":\"BreadcrumbList\",\"@id\":\"https:\\\/\\\/www.alpcm.fr\\\/?p=3664#breadcrumb\",\"itemListElement\":[{\"@type\":\"ListItem\",\"position\":1,\"name\":\"Accueil\",\"item\":\"https:\\\/\\\/www.alpcm.fr\\\/\"},{\"@type\":\"ListItem\",\"position\":2,\"name\":\"Lancement de la saison 2026-2027\"}]},{\"@type\":\"WebSite\",\"@id\":\"https:\\\/\\\/www.alpcm.fr\\\/#website\",\"url\":\"https:\\\/\\\/www.alpcm.fr\\\/\",\"name\":\"ALPCM\",\"description\":\"Le basket en jaune &amp; noir\",\"publisher\":{\"@id\":\"https:\\\/\\\/www.alpcm.fr\\\/#organization\"},\"alternateName\":\"Club de basket de l'ALPCM\",\"potentialAction\":[{\"@type\":\"SearchAction\",\"target\":{\"@type\":\"EntryPoint\",\"urlTemplate\":\"https:\\\/\\\/www.alpcm.fr\\\/?s={search_term_string}\"},\"query-input\":{\"@type\":\"PropertyValueSpecification\",\"valueRequired\":true,\"valueName\":\"search_term_string\"}}],\"inLanguage\":\"fr-FR\"},{\"@type\":\"Organization\",\"@id\":\"https:\\\/\\\/www.alpcm.fr\\\/#organization\",\"name\":\"Club de basket de l'ALPCM\",\"alternateName\":\"ALPCM Nantes basket\",\"url\":\"https:\\\/\\\/www.alpcm.fr\\\/\",\"logo\":{\"@type\":\"ImageObject\",\"inLanguage\":\"fr-FR\",\"@id\":\"https:\\\/\\\/www.alpcm.fr\\\/#\\\/schema\\\/logo\\\/image\\\/\",\"url\":\"https:\\\/\\\/www.alpcm.fr\\\/wp-content\\\/uploads\\\/2025\\\/05\\\/Icone_ALPCM.png\",\"contentUrl\":\"https:\\\/\\\/www.alpcm.fr\\\/wp-content\\\/uploads\\\/2025\\\/05\\\/Icone_ALPCM.png\",\"width\":512,\"height\":512,\"caption\":\"Club de basket de l'ALPCM\"},\"image\":{\"@id\":\"https:\\\/\\\/www.alpcm.fr\\\/#\\\/schema\\\/logo\\\/image\\\/\"},\"sameAs\":[\"https:\\\/\\\/www.facebook.com\\\/ALPCMLeBasketEnJauneEtNoir\\\/\",\"https:\\\/\\\/www.instagram.com\\\/alpcm_nantes\\\/\",\"https:\\\/\\\/www.linkedin.com\\\/company\\\/alpcm-nantes-basket\"]},{\"@type\":\"Person\",\"@id\":\"https:\\\/\\\/www.alpcm.fr\\\/#\\\/schema\\\/person\\\/fce3d60b93843dd5ef0568928ce93148\",\"name\":\"alpcm_admin\",\"image\":{\"@type\":\"ImageObject\",\"inLanguage\":\"fr-FR\",\"@id\":\"https:\\\/\\\/secure.gravatar.com\\\/avatar\\\/e4270c27aee86f3012b8d6a8e6508c9c61944bc75fe150ce6744f487033a81ea?s=96&d=mm&r=g\",\"url\":\"https:\\\/\\\/secure.gravatar.com\\\/avatar\\\/e4270c27aee86f3012b8d6a8e6508c9c61944bc75fe150ce6744f487033a81ea?s=96&d=mm&r=g\",\"contentUrl\":\"https:\\\/\\\/secure.gravatar.com\\\/avatar\\\/e4270c27aee86f3012b8d6a8e6508c9c61944bc75fe150ce6744f487033a81ea?s=96&d=mm&r=g\",\"caption\":\"alpcm_admin\"},\"sameAs\":[\"http:\\\/\\\/dev.alpcm.fr\"],\"url\":\"https:\\\/\\\/www.alpcm.fr\\\/?author=1\"}]}<\/script>\n<!-- \/ Yoast SEO plugin. -->","yoast_head_json":{"title":"Lancement de la saison 2026-2027 &#8211; ALPCM","description":"Les derni\u00e8res actus du club de basket de l'ALPCM \u00e9voluant dans le quartier du Coudray, \u00e0 Nantes. Retrouvez l'agenda, les prochains camps basket et les calendriers des matchs.","robots":{"index":"index","follow":"follow","max-snippet":"max-snippet:-1","max-image-preview":"max-image-preview:large","max-video-preview":"max-video-preview:-1"},"canonical":"https:\/\/www.alpcm.fr\/?p=3664","og_locale":"fr_FR","og_type":"article","og_title":"Lancement de la saison 2026-2027 &#8211; ALPCM","og_description":"Les derni\u00e8res actus du club de basket de l'ALPCM \u00e9voluant dans le quartier du Coudray, \u00e0 Nantes. Retrouvez l'agenda, les prochains camps basket et les calendriers des matchs.","og_url":"https:\/\/www.alpcm.fr\/?p=3664","og_site_name":"ALPCM","article_publisher":"https:\/\/www.facebook.com\/ALPCMLeBasketEnJauneEtNoir\/","article_published_time":"2026-09-01T11:49:47+00:00","article_modified_time":"2026-09-05T12:07:27+00:00","og_image":[{"width":1080,"height":586,"url":"http:\/\/www.alpcm.fr\/wp-content\/uploads\/2026\/09\/Open-44.png","type":"image\/png"}],"author":"alpcm_admin","twitter_card":"summary_large_image","twitter_misc":{"\u00c9crit par":"alpcm_admin","Dur\u00e9e de lecture estim\u00e9e":"2 minutes"},"schema":{"@context":"https:\/\/schema.org","@graph":[{"@type":"Article","@id":"https:\/\/www.alpcm.fr\/?p=3664#article","isPartOf":{"@id":"https:\/\/www.alpcm.fr\/?p=3664"},"author":{"name":"alpcm_admin","@id":"https:\/\/www.alpcm.fr\/#\/schema\/person\/fce3d60b93843dd5ef0568928ce93148"},"headline":"Lancement de la saison 2026-2027","datePublished":"2026-09-01T11:49:47+00:00","dateModified":"2026-09-05T12:07:27+00:00","mainEntityOfPage":{"@id":"https:\/\/www.alpcm.fr\/?p=3664"},"wordCount":210,"publisher":{"@id":"https:\/\/www.alpcm.fr\/#organization"},"image":{"@id":"https:\/\/www.alpcm.fr\/?p=3664#primaryimage"},"thumbnailUrl":"https:\/\/www.alpcm.fr\/wp-content\/uploads\/2026\/09\/Open-44.png","keywords":["club","NF1"],"articleSection":["\u00c9v\u00e9nements","Home-page"],"inLanguage":"fr-FR"},{"@type":"WebPage","@id":"https:\/\/www.alpcm.fr\/?p=3664","url":"https:\/\/www.alpcm.fr\/?p=3664","name":"Lancement de la saison 2026-2027 &#8211; ALPCM","isPartOf":{"@id":"https:\/\/www.alpcm.fr\/#website"},"primaryImageOfPage":{"@id":"https:\/\/www.alpcm.fr\/?p=3664#primaryimage"},"image":{"@id":"https:\/\/www.alpcm.fr\/?p=3664#primaryimage"},"thumbnailUrl":"https:\/\/www.alpcm.fr\/wp-content\/uploads\/2026\/09\/Open-44.png","datePublished":"2026-09-01T11:49:47+00:00","dateModified":"2026-09-05T12:07:27+00:00","description":"Les derni\u00e8res actus du club de basket de l'ALPCM \u00e9voluant dans le quartier du Coudray, \u00e0 Nantes. Retrouvez l'agenda, les prochains camps basket et les calendriers des matchs.","breadcrumb":{"@id":"https:\/\/www.alpcm.fr\/?p=3664#breadcrumb"},"inLanguage":"fr-FR","potentialAction":[{"@type":"ReadAction","target":["https:\/\/www.alpcm.fr\/?p=3664"]}]},{"@type":"ImageObject","inLanguage":"fr-FR","@id":"https:\/\/www.alpcm.fr\/?p=3664#primaryimage","url":"https:\/\/www.alpcm.fr\/wp-content\/uploads\/2026\/09\/Open-44.png","contentUrl":"https:\/\/www.alpcm.fr\/wp-content\/uploads\/2026\/09\/Open-44.png","width":1080,"height":586},{"@type":"BreadcrumbList","@id":"https:\/\/www.alpcm.fr\/?p=3664#breadcrumb","itemListElement":[{"@type":"ListItem","position":1,"name":"Accueil","item":"https:\/\/www.alpcm.fr\/"},{"@type":"ListItem","position":2,"name":"Lancement de la saison 2026-2027"}]},{"@type":"WebSite","@id":"https:\/\/www.alpcm.fr\/#website","url":"https:\/\/www.alpcm.fr\/","name":"ALPCM","description":"Le basket en jaune &amp; noir","publisher":{"@id":"https:\/\/www.alpcm.fr\/#organization"},"alternateName":"Club de basket de l'ALPCM","potentialAction":[{"@type":"SearchAction","target":{"@type":"EntryPoint","urlTemplate":"https:\/\/www.alpcm.fr\/?s={search_term_string}"},"query-input":{"@type":"PropertyValueSpecification","valueRequired":true,"valueName":"search_term_string"}}],"inLanguage":"fr-FR"},{"@type":"Organization","@id":"https:\/\/www.alpcm.fr\/#organization","name":"Club de basket de l'ALPCM","alternateName":"ALPCM Nantes basket","url":"https:\/\/www.alpcm.fr\/","logo":{"@type":"ImageObject","inLanguage":"fr-FR","@id":"https:\/\/www.alpcm.fr\/#\/schema\/logo\/image\/","url":"https:\/\/www.alpcm.fr\/wp-content\/uploads\/2025\/05\/Icone_ALPCM.png","contentUrl":"https:\/\/www.alpcm.fr\/wp-content\/uploads\/2025\/05\/Icone_ALPCM.png","width":512,"height":512,"caption":"Club de basket de l'ALPCM"},"image":{"@id":"https:\/\/www.alpcm.fr\/#\/schema\/logo\/image\/"},"sameAs":["https:\/\/www.facebook.com\/ALPCMLeBasketEnJauneEtNoir\/","https:\/\/www.instagram.com\/alpcm_nantes\/","https:\/\/www.linkedin.com\/company\/alpcm-nantes-basket"]},{"@type":"Person","@id":"https:\/\/www.alpcm.fr\/#\/schema\/person\/fce3d60b93843dd5ef0568928ce93148","name":"alpcm_admin","image":{"@type":"ImageObject","inLanguage":"fr-FR","@id":"https:\/\/secure.gravatar.com\/avatar\/e4270c27aee86f3012b8d6a8e6508c9c61944bc75fe150ce6744f487033a81ea?s=96&d=mm&r=g","url":"https:\/\/secure.gravatar.com\/avatar\/e4270c27aee86f3012b8d6a8e6508c9c61944bc75fe150ce6744f487033a81ea?s=96&d=mm&r=g","contentUrl":"https:\/\/secure.gravatar.com\/avatar\/e4270c27aee86f3012b8d6a8e6508c9c61944bc75fe150ce6744f487033a81ea?s=96&d=mm&r=g","caption":"alpcm_admin"},"sameAs":["http:\/\/dev.alpcm.fr"],"url":"https:\/\/www.alpcm.fr\/?author=1"}]}},"_links":{"self":[{"href":"https:\/\/www.alpcm.fr\/index.php?rest_route=\/wp\/v2\/posts\/3664","targetHints":{"allow":["GET"]}}],"collection":[{"href":"https:\/\/www.alpcm.fr\/index.php?rest_route=\/wp\/v2\/posts"}],"about":[{"href":"https:\/\/www.alpcm.fr\/index.php?rest_route=\/wp\/v2\/types\/post"}],"author":[{"embeddable":true,"href":"https:\/\/www.alpcm.fr\/index.php?rest_route=\/wp\/v2\/users\/1"}],"replies":[{"embeddable":true,"href":"https:\/\/www.alpcm.fr\/index.php?rest_route=%2Fwp%2Fv2%2Fcomments&post=3664"}],"version-history":[{"count":2,"href":"https:\/\/www.alpcm.fr\/index.php?rest_route=\/wp\/v2\/posts\/3664\/revisions"}],"predecessor-version":[{"id":3669,"href":"https:\/\/www.alpcm.fr\/index.php?rest_route=\/wp\/v2\/posts\/3664\/revisions\/3669"}],"wp:featuredmedia":[{"embeddable":true,"href":"https:\/\/www.alpcm.fr\/index.php?rest_route=\/wp\/v2\/media\/3667"}],"wp:attachment":[{"href":"https:\/\/www.alpcm.fr\/index.php?rest_route=%2Fwp%2Fv2%2Fmedia&parent=3664"}],"wp:term":[{"taxonomy":"category","embeddable":true,"href":"https:\/\/www.alpcm.fr\/index.php?rest_route=%2Fwp%2Fv2%2Fcategories&post=3664"},{"taxonomy":"post_tag","embeddable":true,"href":"https:\/\/www.alpcm.fr\/index.php?rest_route=%2Fwp%2Fv2%2Ftags&post=3664"}],"curies":[{"name":"wp","href":"https:\/\/api.w.org\/{rel}","templated":true}]}}