{"id":3463,"date":"2026-04-24T11:02:36","date_gmt":"2026-04-24T09:02:36","guid":{"rendered":"https:\/\/www.alpcm.fr\/?p=3463"},"modified":"2026-04-30T11:51:40","modified_gmt":"2026-04-30T09:51:40","slug":"journee-de-la-fidelite","status":"publish","type":"post","link":"https:\/\/www.alpcm.fr\/?p=3463","title":{"rendered":"Journ\u00e9e de la fid\u00e9lit\u00e9"},"content":{"rendered":"\n<p>Vendredi 24 avril, c\u2019\u00e9tait la saint Fid\u00e8le. Pour marquer le coup, nous avons mis \u00e0 l\u2019honneur nos fid\u00e8les, ceux qui sont \u00e0 l\u2019ALPCM depuis ses d\u00e9but\u2026 ou presque ! Lors du dernier match, ils ont pu \u00e9tablir leur r\u00f4le de supporter au plus pr\u00e8s des joueuses, dans de magnifiques fauteuils aux couleurs de l\u2019ALPCM. Un beau moment privil\u00e9gi\u00e9 qui s\u2019est ponctu\u00e9 par une photo avec nos Dockeuses.<\/p>\n\n\n\n<p>D\u00e9couvrons leurs histoires\u2026<\/p>\n\n\n\n<h4 class=\"wp-block-heading\">Tout d\u2019abord nous avons Alain Tessier :<\/h4>\n\n\n\n<p><em>\u201cJ\u2019ai rejoint l\u2019ALPCM en 1981. J\u2019\u00e9tais encore \u00ab\u00a0Cat\u00e9gorie junior \u00bb et je jouais \u00e9galement en Seniors&#8230; Je suis arriv\u00e9 des Garennes avec un autre co\u00e9quipier. C\u2019est Alain Trottin qui m\u2019a d\u00e9log\u00e9 de la butte St-Anne\u2026 Parce que j\u2019\u00e9tais arriv\u00e9 \u00e0 la fin de mon aventure sur la butte et que l\u2019ALPCM avait l\u2019envie, gr\u00e2ce \u00e0 certains dirigeants, et surtout Alain Trottin, de structurer et de s\u2019investir pour faire progresser une bande de joyeux Lurons qui n\u2019avaient peur de rien. Nous \u00e9tions bons, voir excessifs \u00ab\u00a0sur, et en dehors, du terrain \u00bb. Apr\u00e8s cette aventure, j\u2019ai quitt\u00e9 l\u2019ALPCM en 1993 pour Basse-Indre&#8230; car il \u00e9tait n\u00e9cessaire pour moi de vivre autre chose, diff\u00e9remment. Je suis revenu il y a 15 ans pour entra\u00eener les cadettes r\u00e9gion et l\u2019\u00e9quipe NF3. Ensuite, j\u2019ai coach\u00e9 les gamins pendant 13 ans et les seniors Gar\u00e7ons et Filles. D\u00e9sormais, en attendant une am\u00e9lioration de ma sant\u00e9, je suis en stand-by mais toujours pr\u00e9sent au Club.\u201d<\/em><\/p>\n\n\n\n<h4 class=\"wp-block-heading\">Puis ensuite Yves Leroux, nostalgique :<\/h4>\n\n\n\n<p><em>\u201cJ\u2019ai rejoint l\u2019ALPCM \u00e0 mes 6 ans car je pouvais y aller \u00e0 pied en 20 minutes !\u00a0De plus, j\u2019y allais avec mon fr\u00e8re qui \u00e9tait de deux ans plus vieux que moi.\u00a0On \u00e9tait seulement nous deux, et cela reste un beau souvenir ! Depuis je suis encore pr\u00e9sent au sein du club et je ne manque pas d\u2019occasion pour soutenir nos Dockeuses !\u201d<\/em><\/p>\n\n\n\n<h4 class=\"wp-block-heading\">Et enfin, Alexandra Charier :<\/h4>\n\n\n\n<p><em>\u201cJ&rsquo;ai rejoint\u00a0l&rsquo;ALPCM en 2014. \u00c0 l&rsquo;\u00e9poque, je jouais\u00a0au Saint Herblain basket\u00a0club et j&rsquo;avais\u00a0envie\u00a0d&rsquo;un nouveau challenge.\u00a0Le projet\u00a0que\u00a0m&rsquo;avait\u00a0pr\u00e9sent\u00e9\u00a0Marie Gomez\u00a0m&rsquo;a\u00a0plu\u00a0et j&rsquo;ai\u00a0embarqu\u00e9\u00a0dans cette aventure\u00a0qui\u00a0nous\u00a0a men\u00e9 de la\u00a0pr\u00e9nationale \u00e0 la\u00a0NF2. En plus\u00a0de mon\u00a0r\u00f4le de joueuse que\u00a0j&rsquo;ai\u00a0eu\u00a0pendant 7\u00a0ans au\u00a0sein\u00a0du\u00a0club, j&rsquo;ai rapidement\u00a0rejoint le\u00a0comit\u00e9 de direction\u00a0o\u00f9, entre autre chose, je r\u00e9dige les demandes\u00a0de\u00a0subvention. Ajout\u00e9 \u00e0 cela, je\u00a0m&rsquo;occupe des baby basket\u00a0depuis plusieurs ann\u00e9es, les 1ers baby basketteurs\u00a0que j&rsquo;ai entra\u00een\u00e9 sont maintenant en\u00a0U18 !\u201d<\/em><\/p>\n\n\n\n<p>Penses-tu pouvoir battre leur nombre d\u2019ann\u00e9e au club ? L\u2019avenir nous le dira !<\/p>\n\n\n\n<p><\/p>\n","protected":false},"excerpt":{"rendered":"<p>Vendredi 24 avril, c\u2019\u00e9tait la saint Fid\u00e8le. Pour marquer le coup, nous avons mis \u00e0 l\u2019honneur nos fid\u00e8les, ceux qui sont \u00e0 l\u2019ALPCM depuis ses d\u00e9but\u2026 ou presque ! Lors du dernier match, ils ont pu \u00e9tablir leur r\u00f4le de supporter au plus pr\u00e8s des joueuses, dans de magnifiques fauteuils aux couleurs de l\u2019ALPCM. Un&#8230;<\/p>\n","protected":false},"author":1,"featured_media":3464,"comment_status":"closed","ping_status":"open","sticky":false,"template":"","format":"standard","meta":{"_kad_post_transparent":"","_kad_post_title":"","_kad_post_layout":"","_kad_post_sidebar_id":"","_kad_post_content_style":"","_kad_post_vertical_padding":"","_kad_post_feature":"","_kad_post_feature_position":"","_kad_post_header":false,"_kad_post_footer":false,"_kad_post_classname":"","footnotes":""},"categories":[8,29],"tags":[52,19],"class_list":["post-3463","post","type-post","status-publish","format-standard","has-post-thumbnail","hentry","category-evenements","category-home-page","tag-club","tag-famillial"],"yoast_head":"<!-- This site is optimized with the Yoast SEO plugin v27.3 - https:\/\/yoast.com\/product\/yoast-seo-wordpress\/ -->\n<title>Journ\u00e9e de la fid\u00e9lit\u00e9 &#8211; ALPCM<\/title>\n<meta name=\"description\" content=\"Les derni\u00e8res actus du club de basket de l&#039;ALPCM \u00e9voluant dans le quartier du Coudray, \u00e0 Nantes. Retrouvez l&#039;agenda, les prochains camps basket et les calendriers des matchs.\" \/>\n<meta name=\"robots\" content=\"index, follow, max-snippet:-1, max-image-preview:large, max-video-preview:-1\" \/>\n<link rel=\"canonical\" href=\"https:\/\/www.alpcm.fr\/?p=3463\" \/>\n<meta property=\"og:locale\" content=\"fr_FR\" \/>\n<meta property=\"og:type\" content=\"article\" \/>\n<meta property=\"og:title\" content=\"Journ\u00e9e de la fid\u00e9lit\u00e9 &#8211; ALPCM\" \/>\n<meta property=\"og:description\" content=\"Les derni\u00e8res actus du club de basket de l&#039;ALPCM \u00e9voluant dans le quartier du Coudray, \u00e0 Nantes. Retrouvez l&#039;agenda, les prochains camps basket et les calendriers des matchs.\" \/>\n<meta property=\"og:url\" content=\"https:\/\/www.alpcm.fr\/?p=3463\" \/>\n<meta property=\"og:site_name\" content=\"ALPCM\" \/>\n<meta property=\"article:publisher\" content=\"https:\/\/www.facebook.com\/ALPCMLeBasketEnJauneEtNoir\/\" \/>\n<meta property=\"article:published_time\" content=\"2026-04-24T09:02:36+00:00\" \/>\n<meta property=\"article:modified_time\" content=\"2026-04-30T09:51:40+00:00\" \/>\n<meta property=\"og:image\" content=\"http:\/\/www.alpcm.fr\/wp-content\/uploads\/2026\/04\/Fidelite-remerciee.jpeg\" \/>\n\t<meta property=\"og:image:width\" content=\"1500\" \/>\n\t<meta property=\"og:image:height\" content=\"1000\" \/>\n\t<meta property=\"og:image:type\" content=\"image\/jpeg\" \/>\n<meta name=\"author\" content=\"alpcm_admin\" \/>\n<meta name=\"twitter:card\" content=\"summary_large_image\" \/>\n<meta name=\"twitter:label1\" content=\"\u00c9crit par\" \/>\n\t<meta name=\"twitter:data1\" content=\"alpcm_admin\" \/>\n\t<meta name=\"twitter:label2\" content=\"Dur\u00e9e de lecture estim\u00e9e\" \/>\n\t<meta name=\"twitter:data2\" content=\"3 minutes\" \/>\n<script type=\"application\/ld+json\" class=\"yoast-schema-graph\">{\"@context\":\"https:\\\/\\\/schema.org\",\"@graph\":[{\"@type\":\"Article\",\"@id\":\"https:\\\/\\\/www.alpcm.fr\\\/?p=3463#article\",\"isPartOf\":{\"@id\":\"https:\\\/\\\/www.alpcm.fr\\\/?p=3463\"},\"author\":{\"name\":\"alpcm_admin\",\"@id\":\"https:\\\/\\\/www.alpcm.fr\\\/#\\\/schema\\\/person\\\/fce3d60b93843dd5ef0568928ce93148\"},\"headline\":\"Journ\u00e9e de la fid\u00e9lit\u00e9\",\"datePublished\":\"2026-04-24T09:02:36+00:00\",\"dateModified\":\"2026-04-30T09:51:40+00:00\",\"mainEntityOfPage\":{\"@id\":\"https:\\\/\\\/www.alpcm.fr\\\/?p=3463\"},\"wordCount\":472,\"publisher\":{\"@id\":\"https:\\\/\\\/www.alpcm.fr\\\/#organization\"},\"image\":{\"@id\":\"https:\\\/\\\/www.alpcm.fr\\\/?p=3463#primaryimage\"},\"thumbnailUrl\":\"https:\\\/\\\/www.alpcm.fr\\\/wp-content\\\/uploads\\\/2026\\\/04\\\/Fidelite-remerciee.jpeg\",\"keywords\":[\"club\",\"famillial\"],\"articleSection\":[\"\u00c9v\u00e9nements\",\"Home-page\"],\"inLanguage\":\"fr-FR\"},{\"@type\":\"WebPage\",\"@id\":\"https:\\\/\\\/www.alpcm.fr\\\/?p=3463\",\"url\":\"https:\\\/\\\/www.alpcm.fr\\\/?p=3463\",\"name\":\"Journ\u00e9e de la fid\u00e9lit\u00e9 &#8211; ALPCM\",\"isPartOf\":{\"@id\":\"https:\\\/\\\/www.alpcm.fr\\\/#website\"},\"primaryImageOfPage\":{\"@id\":\"https:\\\/\\\/www.alpcm.fr\\\/?p=3463#primaryimage\"},\"image\":{\"@id\":\"https:\\\/\\\/www.alpcm.fr\\\/?p=3463#primaryimage\"},\"thumbnailUrl\":\"https:\\\/\\\/www.alpcm.fr\\\/wp-content\\\/uploads\\\/2026\\\/04\\\/Fidelite-remerciee.jpeg\",\"datePublished\":\"2026-04-24T09:02:36+00:00\",\"dateModified\":\"2026-04-30T09:51:40+00:00\",\"description\":\"Les derni\u00e8res actus du club de basket de l'ALPCM \u00e9voluant dans le quartier du Coudray, \u00e0 Nantes. Retrouvez l'agenda, les prochains camps basket et les calendriers des matchs.\",\"breadcrumb\":{\"@id\":\"https:\\\/\\\/www.alpcm.fr\\\/?p=3463#breadcrumb\"},\"inLanguage\":\"fr-FR\",\"potentialAction\":[{\"@type\":\"ReadAction\",\"target\":[\"https:\\\/\\\/www.alpcm.fr\\\/?p=3463\"]}]},{\"@type\":\"ImageObject\",\"inLanguage\":\"fr-FR\",\"@id\":\"https:\\\/\\\/www.alpcm.fr\\\/?p=3463#primaryimage\",\"url\":\"https:\\\/\\\/www.alpcm.fr\\\/wp-content\\\/uploads\\\/2026\\\/04\\\/Fidelite-remerciee.jpeg\",\"contentUrl\":\"https:\\\/\\\/www.alpcm.fr\\\/wp-content\\\/uploads\\\/2026\\\/04\\\/Fidelite-remerciee.jpeg\",\"width\":5184,\"height\":3456},{\"@type\":\"BreadcrumbList\",\"@id\":\"https:\\\/\\\/www.alpcm.fr\\\/?p=3463#breadcrumb\",\"itemListElement\":[{\"@type\":\"ListItem\",\"position\":1,\"name\":\"Accueil\",\"item\":\"https:\\\/\\\/www.alpcm.fr\\\/\"},{\"@type\":\"ListItem\",\"position\":2,\"name\":\"Journ\u00e9e de la fid\u00e9lit\u00e9\"}]},{\"@type\":\"WebSite\",\"@id\":\"https:\\\/\\\/www.alpcm.fr\\\/#website\",\"url\":\"https:\\\/\\\/www.alpcm.fr\\\/\",\"name\":\"ALPCM\",\"description\":\"Le basket en jaune &amp; noir\",\"publisher\":{\"@id\":\"https:\\\/\\\/www.alpcm.fr\\\/#organization\"},\"alternateName\":\"Club de basket de l'ALPCM\",\"potentialAction\":[{\"@type\":\"SearchAction\",\"target\":{\"@type\":\"EntryPoint\",\"urlTemplate\":\"https:\\\/\\\/www.alpcm.fr\\\/?s={search_term_string}\"},\"query-input\":{\"@type\":\"PropertyValueSpecification\",\"valueRequired\":true,\"valueName\":\"search_term_string\"}}],\"inLanguage\":\"fr-FR\"},{\"@type\":\"Organization\",\"@id\":\"https:\\\/\\\/www.alpcm.fr\\\/#organization\",\"name\":\"Club de basket de l'ALPCM\",\"alternateName\":\"ALPCM Nantes basket\",\"url\":\"https:\\\/\\\/www.alpcm.fr\\\/\",\"logo\":{\"@type\":\"ImageObject\",\"inLanguage\":\"fr-FR\",\"@id\":\"https:\\\/\\\/www.alpcm.fr\\\/#\\\/schema\\\/logo\\\/image\\\/\",\"url\":\"https:\\\/\\\/www.alpcm.fr\\\/wp-content\\\/uploads\\\/2025\\\/05\\\/Icone_ALPCM.png\",\"contentUrl\":\"https:\\\/\\\/www.alpcm.fr\\\/wp-content\\\/uploads\\\/2025\\\/05\\\/Icone_ALPCM.png\",\"width\":512,\"height\":512,\"caption\":\"Club de basket de l'ALPCM\"},\"image\":{\"@id\":\"https:\\\/\\\/www.alpcm.fr\\\/#\\\/schema\\\/logo\\\/image\\\/\"},\"sameAs\":[\"https:\\\/\\\/www.facebook.com\\\/ALPCMLeBasketEnJauneEtNoir\\\/\",\"https:\\\/\\\/www.instagram.com\\\/alpcm_nantes\\\/\",\"https:\\\/\\\/www.linkedin.com\\\/company\\\/alpcm-nantes-basket\"]},{\"@type\":\"Person\",\"@id\":\"https:\\\/\\\/www.alpcm.fr\\\/#\\\/schema\\\/person\\\/fce3d60b93843dd5ef0568928ce93148\",\"name\":\"alpcm_admin\",\"image\":{\"@type\":\"ImageObject\",\"inLanguage\":\"fr-FR\",\"@id\":\"https:\\\/\\\/secure.gravatar.com\\\/avatar\\\/e4270c27aee86f3012b8d6a8e6508c9c61944bc75fe150ce6744f487033a81ea?s=96&d=mm&r=g\",\"url\":\"https:\\\/\\\/secure.gravatar.com\\\/avatar\\\/e4270c27aee86f3012b8d6a8e6508c9c61944bc75fe150ce6744f487033a81ea?s=96&d=mm&r=g\",\"contentUrl\":\"https:\\\/\\\/secure.gravatar.com\\\/avatar\\\/e4270c27aee86f3012b8d6a8e6508c9c61944bc75fe150ce6744f487033a81ea?s=96&d=mm&r=g\",\"caption\":\"alpcm_admin\"},\"sameAs\":[\"http:\\\/\\\/dev.alpcm.fr\"],\"url\":\"https:\\\/\\\/www.alpcm.fr\\\/?author=1\"}]}<\/script>\n<!-- \/ Yoast SEO plugin. -->","yoast_head_json":{"title":"Journ\u00e9e de la fid\u00e9lit\u00e9 &#8211; ALPCM","description":"Les derni\u00e8res actus du club de basket de l'ALPCM \u00e9voluant dans le quartier du Coudray, \u00e0 Nantes. Retrouvez l'agenda, les prochains camps basket et les calendriers des matchs.","robots":{"index":"index","follow":"follow","max-snippet":"max-snippet:-1","max-image-preview":"max-image-preview:large","max-video-preview":"max-video-preview:-1"},"canonical":"https:\/\/www.alpcm.fr\/?p=3463","og_locale":"fr_FR","og_type":"article","og_title":"Journ\u00e9e de la fid\u00e9lit\u00e9 &#8211; ALPCM","og_description":"Les derni\u00e8res actus du club de basket de l'ALPCM \u00e9voluant dans le quartier du Coudray, \u00e0 Nantes. Retrouvez l'agenda, les prochains camps basket et les calendriers des matchs.","og_url":"https:\/\/www.alpcm.fr\/?p=3463","og_site_name":"ALPCM","article_publisher":"https:\/\/www.facebook.com\/ALPCMLeBasketEnJauneEtNoir\/","article_published_time":"2026-04-24T09:02:36+00:00","article_modified_time":"2026-04-30T09:51:40+00:00","og_image":[{"url":"http:\/\/www.alpcm.fr\/wp-content\/uploads\/2026\/04\/Fidelite-remerciee.jpeg","width":1500,"height":1000,"type":"image\/jpeg"}],"author":"alpcm_admin","twitter_card":"summary_large_image","twitter_misc":{"\u00c9crit par":"alpcm_admin","Dur\u00e9e de lecture estim\u00e9e":"3 minutes"},"schema":{"@context":"https:\/\/schema.org","@graph":[{"@type":"Article","@id":"https:\/\/www.alpcm.fr\/?p=3463#article","isPartOf":{"@id":"https:\/\/www.alpcm.fr\/?p=3463"},"author":{"name":"alpcm_admin","@id":"https:\/\/www.alpcm.fr\/#\/schema\/person\/fce3d60b93843dd5ef0568928ce93148"},"headline":"Journ\u00e9e de la fid\u00e9lit\u00e9","datePublished":"2026-04-24T09:02:36+00:00","dateModified":"2026-04-30T09:51:40+00:00","mainEntityOfPage":{"@id":"https:\/\/www.alpcm.fr\/?p=3463"},"wordCount":472,"publisher":{"@id":"https:\/\/www.alpcm.fr\/#organization"},"image":{"@id":"https:\/\/www.alpcm.fr\/?p=3463#primaryimage"},"thumbnailUrl":"https:\/\/www.alpcm.fr\/wp-content\/uploads\/2026\/04\/Fidelite-remerciee.jpeg","keywords":["club","famillial"],"articleSection":["\u00c9v\u00e9nements","Home-page"],"inLanguage":"fr-FR"},{"@type":"WebPage","@id":"https:\/\/www.alpcm.fr\/?p=3463","url":"https:\/\/www.alpcm.fr\/?p=3463","name":"Journ\u00e9e de la fid\u00e9lit\u00e9 &#8211; ALPCM","isPartOf":{"@id":"https:\/\/www.alpcm.fr\/#website"},"primaryImageOfPage":{"@id":"https:\/\/www.alpcm.fr\/?p=3463#primaryimage"},"image":{"@id":"https:\/\/www.alpcm.fr\/?p=3463#primaryimage"},"thumbnailUrl":"https:\/\/www.alpcm.fr\/wp-content\/uploads\/2026\/04\/Fidelite-remerciee.jpeg","datePublished":"2026-04-24T09:02:36+00:00","dateModified":"2026-04-30T09:51:40+00:00","description":"Les derni\u00e8res actus du club de basket de l'ALPCM \u00e9voluant dans le quartier du Coudray, \u00e0 Nantes. Retrouvez l'agenda, les prochains camps basket et les calendriers des matchs.","breadcrumb":{"@id":"https:\/\/www.alpcm.fr\/?p=3463#breadcrumb"},"inLanguage":"fr-FR","potentialAction":[{"@type":"ReadAction","target":["https:\/\/www.alpcm.fr\/?p=3463"]}]},{"@type":"ImageObject","inLanguage":"fr-FR","@id":"https:\/\/www.alpcm.fr\/?p=3463#primaryimage","url":"https:\/\/www.alpcm.fr\/wp-content\/uploads\/2026\/04\/Fidelite-remerciee.jpeg","contentUrl":"https:\/\/www.alpcm.fr\/wp-content\/uploads\/2026\/04\/Fidelite-remerciee.jpeg","width":5184,"height":3456},{"@type":"BreadcrumbList","@id":"https:\/\/www.alpcm.fr\/?p=3463#breadcrumb","itemListElement":[{"@type":"ListItem","position":1,"name":"Accueil","item":"https:\/\/www.alpcm.fr\/"},{"@type":"ListItem","position":2,"name":"Journ\u00e9e de la fid\u00e9lit\u00e9"}]},{"@type":"WebSite","@id":"https:\/\/www.alpcm.fr\/#website","url":"https:\/\/www.alpcm.fr\/","name":"ALPCM","description":"Le basket en jaune &amp; noir","publisher":{"@id":"https:\/\/www.alpcm.fr\/#organization"},"alternateName":"Club de basket de l'ALPCM","potentialAction":[{"@type":"SearchAction","target":{"@type":"EntryPoint","urlTemplate":"https:\/\/www.alpcm.fr\/?s={search_term_string}"},"query-input":{"@type":"PropertyValueSpecification","valueRequired":true,"valueName":"search_term_string"}}],"inLanguage":"fr-FR"},{"@type":"Organization","@id":"https:\/\/www.alpcm.fr\/#organization","name":"Club de basket de l'ALPCM","alternateName":"ALPCM Nantes basket","url":"https:\/\/www.alpcm.fr\/","logo":{"@type":"ImageObject","inLanguage":"fr-FR","@id":"https:\/\/www.alpcm.fr\/#\/schema\/logo\/image\/","url":"https:\/\/www.alpcm.fr\/wp-content\/uploads\/2025\/05\/Icone_ALPCM.png","contentUrl":"https:\/\/www.alpcm.fr\/wp-content\/uploads\/2025\/05\/Icone_ALPCM.png","width":512,"height":512,"caption":"Club de basket de l'ALPCM"},"image":{"@id":"https:\/\/www.alpcm.fr\/#\/schema\/logo\/image\/"},"sameAs":["https:\/\/www.facebook.com\/ALPCMLeBasketEnJauneEtNoir\/","https:\/\/www.instagram.com\/alpcm_nantes\/","https:\/\/www.linkedin.com\/company\/alpcm-nantes-basket"]},{"@type":"Person","@id":"https:\/\/www.alpcm.fr\/#\/schema\/person\/fce3d60b93843dd5ef0568928ce93148","name":"alpcm_admin","image":{"@type":"ImageObject","inLanguage":"fr-FR","@id":"https:\/\/secure.gravatar.com\/avatar\/e4270c27aee86f3012b8d6a8e6508c9c61944bc75fe150ce6744f487033a81ea?s=96&d=mm&r=g","url":"https:\/\/secure.gravatar.com\/avatar\/e4270c27aee86f3012b8d6a8e6508c9c61944bc75fe150ce6744f487033a81ea?s=96&d=mm&r=g","contentUrl":"https:\/\/secure.gravatar.com\/avatar\/e4270c27aee86f3012b8d6a8e6508c9c61944bc75fe150ce6744f487033a81ea?s=96&d=mm&r=g","caption":"alpcm_admin"},"sameAs":["http:\/\/dev.alpcm.fr"],"url":"https:\/\/www.alpcm.fr\/?author=1"}]}},"_links":{"self":[{"href":"https:\/\/www.alpcm.fr\/index.php?rest_route=\/wp\/v2\/posts\/3463","targetHints":{"allow":["GET"]}}],"collection":[{"href":"https:\/\/www.alpcm.fr\/index.php?rest_route=\/wp\/v2\/posts"}],"about":[{"href":"https:\/\/www.alpcm.fr\/index.php?rest_route=\/wp\/v2\/types\/post"}],"author":[{"embeddable":true,"href":"https:\/\/www.alpcm.fr\/index.php?rest_route=\/wp\/v2\/users\/1"}],"replies":[{"embeddable":true,"href":"https:\/\/www.alpcm.fr\/index.php?rest_route=%2Fwp%2Fv2%2Fcomments&post=3463"}],"version-history":[{"count":1,"href":"https:\/\/www.alpcm.fr\/index.php?rest_route=\/wp\/v2\/posts\/3463\/revisions"}],"predecessor-version":[{"id":3465,"href":"https:\/\/www.alpcm.fr\/index.php?rest_route=\/wp\/v2\/posts\/3463\/revisions\/3465"}],"wp:featuredmedia":[{"embeddable":true,"href":"https:\/\/www.alpcm.fr\/index.php?rest_route=\/wp\/v2\/media\/3464"}],"wp:attachment":[{"href":"https:\/\/www.alpcm.fr\/index.php?rest_route=%2Fwp%2Fv2%2Fmedia&parent=3463"}],"wp:term":[{"taxonomy":"category","embeddable":true,"href":"https:\/\/www.alpcm.fr\/index.php?rest_route=%2Fwp%2Fv2%2Fcategories&post=3463"},{"taxonomy":"post_tag","embeddable":true,"href":"https:\/\/www.alpcm.fr\/index.php?rest_route=%2Fwp%2Fv2%2Ftags&post=3463"}],"curies":[{"name":"wp","href":"https:\/\/api.w.org\/{rel}","templated":true}]}}