{"id":3214,"date":"2026-03-16T16:26:06","date_gmt":"2026-03-16T15:26:06","guid":{"rendered":"https:\/\/www.alpcm.fr\/?p=3214"},"modified":"2026-03-16T16:26:06","modified_gmt":"2026-03-16T15:26:06","slug":"le-mot-du-coach-week-end-du-14-mars","status":"publish","type":"post","link":"https:\/\/www.alpcm.fr\/?p=3214","title":{"rendered":"LE MOT DU COACH &#8211; WEEK END DU 14 MARS"},"content":{"rendered":"\n<p><\/p>\n\n\n\n<h6 class=\"wp-block-heading\"><strong><em>D\u00e9faite \u00e0 domicile ce samedi contre <strong><em>ASPTT<\/em><\/strong>&#8211; <strong><em>36\/61<\/em><\/strong><\/em><\/strong><\/h6>\n\n\n\n<figure class=\"wp-block-pullquote has-small-font-size\" style=\"margin-top:0;margin-right:0;margin-bottom:0;margin-left:0;padding-top:0;padding-right:var(--wp--preset--spacing--20);padding-bottom:var(--wp--preset--spacing--30);padding-left:var(--wp--preset--spacing--20)\"><blockquote><p>Une d\u00e9faite de -25 points apr\u00e8s 32 minutes o\u00f9 les jaunes n&rsquo;ont pas l\u00e2ch\u00e9 un seul instant, se sont encourag\u00e9s jusqu&rsquo;\u00e0 la derni\u00e8re seconde malgr\u00e9 des petites erreurs et quelques maladresses aux shoots et proche du panier.<br><br>Un grand bravo d&rsquo;avoir tenu malgr\u00e9 un 24-3 en deuxi\u00e8me quart-temps et d&rsquo;avoir pris moins de 30 points face \u00e0 une \u00e9quipe qui nous en avait mis 46 \u00e0 l&rsquo;aller.<\/p><cite>ELLIOT, coach des U15M1, \u00e9voluant en d2<\/cite><\/blockquote><\/figure>\n\n\n\n<h6 class=\"wp-block-heading\"><strong><em>Victoire \u00e0 domicile ce dimanche contre \u00c8vre &#8211; <\/em><\/strong>78\/39<\/h6>\n\n\n\n<figure class=\"wp-block-pullquote has-small-font-size\" style=\"margin-top:0;margin-right:0;margin-bottom:0;margin-left:0;padding-top:0;padding-right:var(--wp--preset--spacing--20);padding-bottom:var(--wp--preset--spacing--30);padding-left:var(--wp--preset--spacing--20)\"><blockquote><p>Une tr\u00e8s belle victoire des SF2 contre un rival direct au classement :<br>11 filles sur la feuille de match, des rotations \u00e0 gogo qui ont permis d\u2019\u00e9teindre \u00c8vre d\u00e8s le d\u00e9but du 3\u00e8me quart-temps.<br>Camille et Rose \u00e9taient avec nous sur ce match, et ont mis leur exp\u00e9rience et leur impact physique au service du projet de club.<br>Le classement est serr\u00e9 en haut de tableau Pr\u00e9 national, le championnat demeure passionnant, ce qui promet un dernier moment de championnat rude et engag\u00e9 !<\/p><cite>\u00e9ric, coach des sf2, \u00e9voluant en poule A<\/cite><\/blockquote><\/figure>\n\n\n\n<h6 class=\"wp-block-heading\"><strong><em>Victoire \u00e0 l&rsquo;ext\u00e9rieur ce dimanche contre St S\u00e9bastien sur Loire &#8211; <\/em><\/strong>91\/10<\/h6>\n\n\n\n<figure class=\"wp-block-pullquote has-small-font-size\" style=\"margin-top:0;margin-right:0;margin-bottom:0;margin-left:0;padding-top:0;padding-right:var(--wp--preset--spacing--20);padding-bottom:var(--wp--preset--spacing--30);padding-left:var(--wp--preset--spacing--20)\"><blockquote><p>Apr\u00e8s un d\u00e9marrage un peu timide offensivement, les filles ont r\u00e9ussis \u00e0 se d\u00e9faire de leurs adversaires sur le second quart temps gr\u00e2ce \u00e0 de bonnes s\u00e9quences d\u00e9fensives.<br><br>Cela nous a permis d&rsquo;aborder la fin du match plus sereinement et ainsi nous avons pu mettre en place de nouvelles situations de jeux pos\u00e9s int\u00e9ressantes.<br><br>C&rsquo;est un tr\u00e8s bon match dans son ensemble, bravo \u00e0 elles !<\/p><cite>nomena, coach des u13F1, \u00e9voluant en d1<\/cite><\/blockquote><\/figure>\n\n\n\n<h6 class=\"wp-block-heading\"><strong><em>Victoire \u00e0 domicile ce dimanche contre Bouguenais &#8211; <\/em><\/strong>81-73<\/h6>\n\n\n\n<figure class=\"wp-block-pullquote has-small-font-size\" style=\"margin-top:0;margin-right:0;margin-bottom:0;margin-left:0;padding-top:0;padding-right:var(--wp--preset--spacing--20);padding-bottom:var(--wp--preset--spacing--30);padding-left:var(--wp--preset--spacing--20)\"><blockquote><p><br>Match enlev\u00e9 et disput\u00e9 durant toute la partie, on avait \u00e0 c\u0153ur de l\u2019emporter apr\u00e8s la d\u00e9ception du match aller.<br>Une combativit\u00e9 de tous les instants et un superbe \u00e9tat d\u2019esprit nous permettent de repartir avec la victoire, chapeau \u00e0 nos adversaires du jour qui eux aussi n\u2019ont rien l\u00e2ch\u00e9.<\/p><cite>st\u00e9phane, coach des sm1, \u00e9voluant en dM3<\/cite><\/blockquote><\/figure>\n","protected":false},"excerpt":{"rendered":"<p>D\u00e9faite \u00e0 domicile ce samedi contre ASPTT&#8211; 36\/61 Une d\u00e9faite de -25 points apr\u00e8s 32 minutes o\u00f9 les jaunes n&rsquo;ont pas l\u00e2ch\u00e9 un seul instant, se sont encourag\u00e9s jusqu&rsquo;\u00e0 la derni\u00e8re seconde malgr\u00e9 des petites erreurs et quelques maladresses aux shoots et proche du panier. Un grand bravo d&rsquo;avoir tenu malgr\u00e9 un 24-3 en deuxi\u00e8me&#8230;<\/p>\n","protected":false},"author":1,"featured_media":3220,"comment_status":"closed","ping_status":"open","sticky":false,"template":"","format":"standard","meta":{"_kad_post_transparent":"","_kad_post_title":"","_kad_post_layout":"","_kad_post_sidebar_id":"","_kad_post_content_style":"","_kad_post_vertical_padding":"","_kad_post_feature":"","_kad_post_feature_position":"","_kad_post_header":false,"_kad_post_footer":false,"_kad_post_classname":"","footnotes":""},"categories":[29,54],"tags":[52,32],"class_list":["post-3214","post","type-post","status-publish","format-standard","has-post-thumbnail","hentry","category-home-page","category-le-mot-du-coach","tag-club","tag-jour-de-match"],"yoast_head":"<!-- This site is optimized with the Yoast SEO plugin v27.3 - https:\/\/yoast.com\/product\/yoast-seo-wordpress\/ -->\n<title>LE MOT DU COACH - WEEK END DU 14 MARS &#8211; ALPCM<\/title>\n<meta name=\"description\" content=\"Les derni\u00e8res actus du club de basket de l&#039;ALPCM \u00e9voluant dans le quartier du Coudray, \u00e0 Nantes. Retrouvez l&#039;agenda, les prochains camps basket et les calendriers des matchs.\" \/>\n<meta name=\"robots\" content=\"index, follow, max-snippet:-1, max-image-preview:large, max-video-preview:-1\" \/>\n<link rel=\"canonical\" href=\"https:\/\/www.alpcm.fr\/?p=3214\" \/>\n<meta property=\"og:locale\" content=\"fr_FR\" \/>\n<meta property=\"og:type\" content=\"article\" \/>\n<meta property=\"og:title\" content=\"LE MOT DU COACH - WEEK END DU 14 MARS &#8211; ALPCM\" \/>\n<meta property=\"og:description\" content=\"Les derni\u00e8res actus du club de basket de l&#039;ALPCM \u00e9voluant dans le quartier du Coudray, \u00e0 Nantes. Retrouvez l&#039;agenda, les prochains camps basket et les calendriers des matchs.\" \/>\n<meta property=\"og:url\" content=\"https:\/\/www.alpcm.fr\/?p=3214\" \/>\n<meta property=\"og:site_name\" content=\"ALPCM\" \/>\n<meta property=\"article:publisher\" content=\"https:\/\/www.facebook.com\/ALPCMLeBasketEnJauneEtNoir\/\" \/>\n<meta property=\"article:published_time\" content=\"2026-03-16T15:26:06+00:00\" \/>\n<meta property=\"og:image\" content=\"http:\/\/www.alpcm.fr\/wp-content\/uploads\/2026\/03\/IMG_1446.jpeg\" \/>\n\t<meta property=\"og:image:width\" content=\"1500\" \/>\n\t<meta property=\"og:image:height\" content=\"2000\" \/>\n\t<meta property=\"og:image:type\" content=\"image\/jpeg\" \/>\n<meta name=\"author\" content=\"alpcm_admin\" \/>\n<meta name=\"twitter:card\" content=\"summary_large_image\" \/>\n<meta name=\"twitter:label1\" content=\"\u00c9crit par\" \/>\n\t<meta name=\"twitter:data1\" content=\"alpcm_admin\" \/>\n\t<meta name=\"twitter:label2\" content=\"Dur\u00e9e de lecture estim\u00e9e\" \/>\n\t<meta name=\"twitter:data2\" content=\"1 minute\" \/>\n<script type=\"application\/ld+json\" class=\"yoast-schema-graph\">{\"@context\":\"https:\\\/\\\/schema.org\",\"@graph\":[{\"@type\":\"Article\",\"@id\":\"https:\\\/\\\/www.alpcm.fr\\\/?p=3214#article\",\"isPartOf\":{\"@id\":\"https:\\\/\\\/www.alpcm.fr\\\/?p=3214\"},\"author\":{\"name\":\"alpcm_admin\",\"@id\":\"https:\\\/\\\/www.alpcm.fr\\\/#\\\/schema\\\/person\\\/fce3d60b93843dd5ef0568928ce93148\"},\"headline\":\"LE MOT DU COACH &#8211; WEEK END DU 14 MARS\",\"datePublished\":\"2026-03-16T15:26:06+00:00\",\"mainEntityOfPage\":{\"@id\":\"https:\\\/\\\/www.alpcm.fr\\\/?p=3214\"},\"wordCount\":364,\"publisher\":{\"@id\":\"https:\\\/\\\/www.alpcm.fr\\\/#organization\"},\"image\":{\"@id\":\"https:\\\/\\\/www.alpcm.fr\\\/?p=3214#primaryimage\"},\"thumbnailUrl\":\"https:\\\/\\\/www.alpcm.fr\\\/wp-content\\\/uploads\\\/2026\\\/03\\\/IMG_1446.jpeg\",\"keywords\":[\"club\",\"Jour de match\"],\"articleSection\":[\"Home-page\",\"Le mot du coach\"],\"inLanguage\":\"fr-FR\"},{\"@type\":\"WebPage\",\"@id\":\"https:\\\/\\\/www.alpcm.fr\\\/?p=3214\",\"url\":\"https:\\\/\\\/www.alpcm.fr\\\/?p=3214\",\"name\":\"LE MOT DU COACH - WEEK END DU 14 MARS &#8211; ALPCM\",\"isPartOf\":{\"@id\":\"https:\\\/\\\/www.alpcm.fr\\\/#website\"},\"primaryImageOfPage\":{\"@id\":\"https:\\\/\\\/www.alpcm.fr\\\/?p=3214#primaryimage\"},\"image\":{\"@id\":\"https:\\\/\\\/www.alpcm.fr\\\/?p=3214#primaryimage\"},\"thumbnailUrl\":\"https:\\\/\\\/www.alpcm.fr\\\/wp-content\\\/uploads\\\/2026\\\/03\\\/IMG_1446.jpeg\",\"datePublished\":\"2026-03-16T15:26:06+00:00\",\"description\":\"Les derni\u00e8res actus du club de basket de l'ALPCM \u00e9voluant dans le quartier du Coudray, \u00e0 Nantes. Retrouvez l'agenda, les prochains camps basket et les calendriers des matchs.\",\"breadcrumb\":{\"@id\":\"https:\\\/\\\/www.alpcm.fr\\\/?p=3214#breadcrumb\"},\"inLanguage\":\"fr-FR\",\"potentialAction\":[{\"@type\":\"ReadAction\",\"target\":[\"https:\\\/\\\/www.alpcm.fr\\\/?p=3214\"]}]},{\"@type\":\"ImageObject\",\"inLanguage\":\"fr-FR\",\"@id\":\"https:\\\/\\\/www.alpcm.fr\\\/?p=3214#primaryimage\",\"url\":\"https:\\\/\\\/www.alpcm.fr\\\/wp-content\\\/uploads\\\/2026\\\/03\\\/IMG_1446.jpeg\",\"contentUrl\":\"https:\\\/\\\/www.alpcm.fr\\\/wp-content\\\/uploads\\\/2026\\\/03\\\/IMG_1446.jpeg\",\"width\":4284,\"height\":5712},{\"@type\":\"BreadcrumbList\",\"@id\":\"https:\\\/\\\/www.alpcm.fr\\\/?p=3214#breadcrumb\",\"itemListElement\":[{\"@type\":\"ListItem\",\"position\":1,\"name\":\"Accueil\",\"item\":\"https:\\\/\\\/www.alpcm.fr\\\/\"},{\"@type\":\"ListItem\",\"position\":2,\"name\":\"LE MOT DU COACH &#8211; WEEK END DU 14 MARS\"}]},{\"@type\":\"WebSite\",\"@id\":\"https:\\\/\\\/www.alpcm.fr\\\/#website\",\"url\":\"https:\\\/\\\/www.alpcm.fr\\\/\",\"name\":\"ALPCM\",\"description\":\"Le basket en jaune &amp; noir\",\"publisher\":{\"@id\":\"https:\\\/\\\/www.alpcm.fr\\\/#organization\"},\"alternateName\":\"Club de basket de l'ALPCM\",\"potentialAction\":[{\"@type\":\"SearchAction\",\"target\":{\"@type\":\"EntryPoint\",\"urlTemplate\":\"https:\\\/\\\/www.alpcm.fr\\\/?s={search_term_string}\"},\"query-input\":{\"@type\":\"PropertyValueSpecification\",\"valueRequired\":true,\"valueName\":\"search_term_string\"}}],\"inLanguage\":\"fr-FR\"},{\"@type\":\"Organization\",\"@id\":\"https:\\\/\\\/www.alpcm.fr\\\/#organization\",\"name\":\"Club de basket de l'ALPCM\",\"alternateName\":\"ALPCM Nantes basket\",\"url\":\"https:\\\/\\\/www.alpcm.fr\\\/\",\"logo\":{\"@type\":\"ImageObject\",\"inLanguage\":\"fr-FR\",\"@id\":\"https:\\\/\\\/www.alpcm.fr\\\/#\\\/schema\\\/logo\\\/image\\\/\",\"url\":\"https:\\\/\\\/www.alpcm.fr\\\/wp-content\\\/uploads\\\/2025\\\/05\\\/Icone_ALPCM.png\",\"contentUrl\":\"https:\\\/\\\/www.alpcm.fr\\\/wp-content\\\/uploads\\\/2025\\\/05\\\/Icone_ALPCM.png\",\"width\":512,\"height\":512,\"caption\":\"Club de basket de l'ALPCM\"},\"image\":{\"@id\":\"https:\\\/\\\/www.alpcm.fr\\\/#\\\/schema\\\/logo\\\/image\\\/\"},\"sameAs\":[\"https:\\\/\\\/www.facebook.com\\\/ALPCMLeBasketEnJauneEtNoir\\\/\",\"https:\\\/\\\/www.instagram.com\\\/alpcm_nantes\\\/\",\"https:\\\/\\\/www.linkedin.com\\\/company\\\/alpcm-nantes-basket\"]},{\"@type\":\"Person\",\"@id\":\"https:\\\/\\\/www.alpcm.fr\\\/#\\\/schema\\\/person\\\/fce3d60b93843dd5ef0568928ce93148\",\"name\":\"alpcm_admin\",\"image\":{\"@type\":\"ImageObject\",\"inLanguage\":\"fr-FR\",\"@id\":\"https:\\\/\\\/secure.gravatar.com\\\/avatar\\\/e4270c27aee86f3012b8d6a8e6508c9c61944bc75fe150ce6744f487033a81ea?s=96&d=mm&r=g\",\"url\":\"https:\\\/\\\/secure.gravatar.com\\\/avatar\\\/e4270c27aee86f3012b8d6a8e6508c9c61944bc75fe150ce6744f487033a81ea?s=96&d=mm&r=g\",\"contentUrl\":\"https:\\\/\\\/secure.gravatar.com\\\/avatar\\\/e4270c27aee86f3012b8d6a8e6508c9c61944bc75fe150ce6744f487033a81ea?s=96&d=mm&r=g\",\"caption\":\"alpcm_admin\"},\"sameAs\":[\"http:\\\/\\\/dev.alpcm.fr\"],\"url\":\"https:\\\/\\\/www.alpcm.fr\\\/?author=1\"}]}<\/script>\n<!-- \/ Yoast SEO plugin. -->","yoast_head_json":{"title":"LE MOT DU COACH - WEEK END DU 14 MARS &#8211; ALPCM","description":"Les derni\u00e8res actus du club de basket de l'ALPCM \u00e9voluant dans le quartier du Coudray, \u00e0 Nantes. Retrouvez l'agenda, les prochains camps basket et les calendriers des matchs.","robots":{"index":"index","follow":"follow","max-snippet":"max-snippet:-1","max-image-preview":"max-image-preview:large","max-video-preview":"max-video-preview:-1"},"canonical":"https:\/\/www.alpcm.fr\/?p=3214","og_locale":"fr_FR","og_type":"article","og_title":"LE MOT DU COACH - WEEK END DU 14 MARS &#8211; ALPCM","og_description":"Les derni\u00e8res actus du club de basket de l'ALPCM \u00e9voluant dans le quartier du Coudray, \u00e0 Nantes. Retrouvez l'agenda, les prochains camps basket et les calendriers des matchs.","og_url":"https:\/\/www.alpcm.fr\/?p=3214","og_site_name":"ALPCM","article_publisher":"https:\/\/www.facebook.com\/ALPCMLeBasketEnJauneEtNoir\/","article_published_time":"2026-03-16T15:26:06+00:00","og_image":[{"url":"http:\/\/www.alpcm.fr\/wp-content\/uploads\/2026\/03\/IMG_1446.jpeg","width":1500,"height":2000,"type":"image\/jpeg"}],"author":"alpcm_admin","twitter_card":"summary_large_image","twitter_misc":{"\u00c9crit par":"alpcm_admin","Dur\u00e9e de lecture estim\u00e9e":"1 minute"},"schema":{"@context":"https:\/\/schema.org","@graph":[{"@type":"Article","@id":"https:\/\/www.alpcm.fr\/?p=3214#article","isPartOf":{"@id":"https:\/\/www.alpcm.fr\/?p=3214"},"author":{"name":"alpcm_admin","@id":"https:\/\/www.alpcm.fr\/#\/schema\/person\/fce3d60b93843dd5ef0568928ce93148"},"headline":"LE MOT DU COACH &#8211; WEEK END DU 14 MARS","datePublished":"2026-03-16T15:26:06+00:00","mainEntityOfPage":{"@id":"https:\/\/www.alpcm.fr\/?p=3214"},"wordCount":364,"publisher":{"@id":"https:\/\/www.alpcm.fr\/#organization"},"image":{"@id":"https:\/\/www.alpcm.fr\/?p=3214#primaryimage"},"thumbnailUrl":"https:\/\/www.alpcm.fr\/wp-content\/uploads\/2026\/03\/IMG_1446.jpeg","keywords":["club","Jour de match"],"articleSection":["Home-page","Le mot du coach"],"inLanguage":"fr-FR"},{"@type":"WebPage","@id":"https:\/\/www.alpcm.fr\/?p=3214","url":"https:\/\/www.alpcm.fr\/?p=3214","name":"LE MOT DU COACH - WEEK END DU 14 MARS &#8211; ALPCM","isPartOf":{"@id":"https:\/\/www.alpcm.fr\/#website"},"primaryImageOfPage":{"@id":"https:\/\/www.alpcm.fr\/?p=3214#primaryimage"},"image":{"@id":"https:\/\/www.alpcm.fr\/?p=3214#primaryimage"},"thumbnailUrl":"https:\/\/www.alpcm.fr\/wp-content\/uploads\/2026\/03\/IMG_1446.jpeg","datePublished":"2026-03-16T15:26:06+00:00","description":"Les derni\u00e8res actus du club de basket de l'ALPCM \u00e9voluant dans le quartier du Coudray, \u00e0 Nantes. Retrouvez l'agenda, les prochains camps basket et les calendriers des matchs.","breadcrumb":{"@id":"https:\/\/www.alpcm.fr\/?p=3214#breadcrumb"},"inLanguage":"fr-FR","potentialAction":[{"@type":"ReadAction","target":["https:\/\/www.alpcm.fr\/?p=3214"]}]},{"@type":"ImageObject","inLanguage":"fr-FR","@id":"https:\/\/www.alpcm.fr\/?p=3214#primaryimage","url":"https:\/\/www.alpcm.fr\/wp-content\/uploads\/2026\/03\/IMG_1446.jpeg","contentUrl":"https:\/\/www.alpcm.fr\/wp-content\/uploads\/2026\/03\/IMG_1446.jpeg","width":4284,"height":5712},{"@type":"BreadcrumbList","@id":"https:\/\/www.alpcm.fr\/?p=3214#breadcrumb","itemListElement":[{"@type":"ListItem","position":1,"name":"Accueil","item":"https:\/\/www.alpcm.fr\/"},{"@type":"ListItem","position":2,"name":"LE MOT DU COACH &#8211; WEEK END DU 14 MARS"}]},{"@type":"WebSite","@id":"https:\/\/www.alpcm.fr\/#website","url":"https:\/\/www.alpcm.fr\/","name":"ALPCM","description":"Le basket en jaune &amp; noir","publisher":{"@id":"https:\/\/www.alpcm.fr\/#organization"},"alternateName":"Club de basket de l'ALPCM","potentialAction":[{"@type":"SearchAction","target":{"@type":"EntryPoint","urlTemplate":"https:\/\/www.alpcm.fr\/?s={search_term_string}"},"query-input":{"@type":"PropertyValueSpecification","valueRequired":true,"valueName":"search_term_string"}}],"inLanguage":"fr-FR"},{"@type":"Organization","@id":"https:\/\/www.alpcm.fr\/#organization","name":"Club de basket de l'ALPCM","alternateName":"ALPCM Nantes basket","url":"https:\/\/www.alpcm.fr\/","logo":{"@type":"ImageObject","inLanguage":"fr-FR","@id":"https:\/\/www.alpcm.fr\/#\/schema\/logo\/image\/","url":"https:\/\/www.alpcm.fr\/wp-content\/uploads\/2025\/05\/Icone_ALPCM.png","contentUrl":"https:\/\/www.alpcm.fr\/wp-content\/uploads\/2025\/05\/Icone_ALPCM.png","width":512,"height":512,"caption":"Club de basket de l'ALPCM"},"image":{"@id":"https:\/\/www.alpcm.fr\/#\/schema\/logo\/image\/"},"sameAs":["https:\/\/www.facebook.com\/ALPCMLeBasketEnJauneEtNoir\/","https:\/\/www.instagram.com\/alpcm_nantes\/","https:\/\/www.linkedin.com\/company\/alpcm-nantes-basket"]},{"@type":"Person","@id":"https:\/\/www.alpcm.fr\/#\/schema\/person\/fce3d60b93843dd5ef0568928ce93148","name":"alpcm_admin","image":{"@type":"ImageObject","inLanguage":"fr-FR","@id":"https:\/\/secure.gravatar.com\/avatar\/e4270c27aee86f3012b8d6a8e6508c9c61944bc75fe150ce6744f487033a81ea?s=96&d=mm&r=g","url":"https:\/\/secure.gravatar.com\/avatar\/e4270c27aee86f3012b8d6a8e6508c9c61944bc75fe150ce6744f487033a81ea?s=96&d=mm&r=g","contentUrl":"https:\/\/secure.gravatar.com\/avatar\/e4270c27aee86f3012b8d6a8e6508c9c61944bc75fe150ce6744f487033a81ea?s=96&d=mm&r=g","caption":"alpcm_admin"},"sameAs":["http:\/\/dev.alpcm.fr"],"url":"https:\/\/www.alpcm.fr\/?author=1"}]}},"_links":{"self":[{"href":"https:\/\/www.alpcm.fr\/index.php?rest_route=\/wp\/v2\/posts\/3214","targetHints":{"allow":["GET"]}}],"collection":[{"href":"https:\/\/www.alpcm.fr\/index.php?rest_route=\/wp\/v2\/posts"}],"about":[{"href":"https:\/\/www.alpcm.fr\/index.php?rest_route=\/wp\/v2\/types\/post"}],"author":[{"embeddable":true,"href":"https:\/\/www.alpcm.fr\/index.php?rest_route=\/wp\/v2\/users\/1"}],"replies":[{"embeddable":true,"href":"https:\/\/www.alpcm.fr\/index.php?rest_route=%2Fwp%2Fv2%2Fcomments&post=3214"}],"version-history":[{"count":2,"href":"https:\/\/www.alpcm.fr\/index.php?rest_route=\/wp\/v2\/posts\/3214\/revisions"}],"predecessor-version":[{"id":3221,"href":"https:\/\/www.alpcm.fr\/index.php?rest_route=\/wp\/v2\/posts\/3214\/revisions\/3221"}],"wp:featuredmedia":[{"embeddable":true,"href":"https:\/\/www.alpcm.fr\/index.php?rest_route=\/wp\/v2\/media\/3220"}],"wp:attachment":[{"href":"https:\/\/www.alpcm.fr\/index.php?rest_route=%2Fwp%2Fv2%2Fmedia&parent=3214"}],"wp:term":[{"taxonomy":"category","embeddable":true,"href":"https:\/\/www.alpcm.fr\/index.php?rest_route=%2Fwp%2Fv2%2Fcategories&post=3214"},{"taxonomy":"post_tag","embeddable":true,"href":"https:\/\/www.alpcm.fr\/index.php?rest_route=%2Fwp%2Fv2%2Ftags&post=3214"}],"curies":[{"name":"wp","href":"https:\/\/api.w.org\/{rel}","templated":true}]}}