{"id":3198,"date":"2026-03-10T08:50:02","date_gmt":"2026-03-10T07:50:02","guid":{"rendered":"https:\/\/www.alpcm.fr\/?p=3198"},"modified":"2026-03-31T17:30:34","modified_gmt":"2026-03-31T15:30:34","slug":"le-mot-du-coach-week-end-du-7-mars","status":"publish","type":"post","link":"https:\/\/www.alpcm.fr\/?p=3198","title":{"rendered":"LE MOT DU COACH &#8211; WEEK-END DU 7 MARS"},"content":{"rendered":"\n<div class=\"wp-block-group\"><div class=\"wp-block-group__inner-container is-layout-constrained wp-block-group-is-layout-constrained\">\n<h6 class=\"wp-block-heading\"><strong><em>Victoire \u00e0 domicile ce samedi contre La Similienne &#8211; 58\/53<\/em><\/strong><\/h6>\n\n\n\n<figure class=\"wp-block-pullquote has-small-font-size\" style=\"margin-top:0;margin-right:0;margin-bottom:0;margin-left:0;padding-top:0;padding-right:var(--wp--preset--spacing--20);padding-bottom:var(--wp--preset--spacing--30);padding-left:var(--wp--preset--spacing--20)\"><blockquote><p>Les U18M2 (2\u00e8me du classement) recevaient l&rsquo;\u00e9quipe de la Similienne Nantes (3\u00e8me du classement). On doit gagner ce match de 20\/30 points sans probl\u00e8me et ce malgr\u00e9 un effectif r\u00e9duit avec lequel nous devrons vivre jusqu&rsquo;\u00e0 la fin de la saison. <br>D\u00e8s que nous creusions l&rsquo;\u00e9cart avec l&rsquo;\u00e9quipe adverse, on passe en mode \u00ab\u00a0regardez comme je joue bien tout seul\u00a0\u00bb. Et \u00e0 chaque fois, l&rsquo;effet a \u00e9t\u00e9 que la Similienne revenait au score. A tel point que, dans les derni\u00e8res minutes, on leur redonne l&rsquo;espoir de passer devant nous. Ils remportent le dernier quart-temps de +8. <br>On gagne, oui, mais pas avec la mani\u00e8re.<\/p><cite>Denis, coach des U18M2, \u00e9voluant en d\u00e9partemental<\/cite><\/blockquote><\/figure>\n<\/div><\/div>\n\n\n\n<div class=\"wp-block-group\"><div class=\"wp-block-group__inner-container is-layout-constrained wp-block-group-is-layout-constrained\">\n<h6 class=\"wp-block-heading\"><strong><em>D\u00e9faite \u00e0 l&rsquo;ext\u00e9rieur ce samedi contre Les Fr\u00e9chets St Nazaire &#8211; 85\/75<\/em><\/strong><\/h6>\n\n\n\n<figure class=\"wp-block-pullquote has-small-font-size\" style=\"margin-top:0;margin-right:0;margin-bottom:0;margin-left:0;padding-top:0;padding-right:var(--wp--preset--spacing--20);padding-bottom:var(--wp--preset--spacing--30);padding-left:var(--wp--preset--spacing--20)\"><blockquote><p>Beaucoup de regrets avec un premier quart-temps tr\u00e8s compliqu\u00e9 en terme de scoring : 10 tirs \u00ab faciles \u00bb ou lay-up rat\u00e9s. Cela nous am\u00e8ne \u00e0 avoir 15 pts de retard que l\u2019on tra\u00eene en fin de match. En fin de match, nous revenons au score, -4 puis -2 \u00e0 4 min de la fin. Malgr\u00e9 la d\u00e9faite, il est important de souligner certains points positifs. Notre capitaine a fait son retour apr\u00e8s 5 mois d\u2019arr\u00eat suite \u00e0 une blessure. Le point av\u00e9rage reste en notre faveur.<\/p><cite>JAcques Blandin, assistant coach des SF2, \u00e9voluant en Pr\u00e9-National<\/cite><\/blockquote><\/figure>\n<\/div><\/div>\n\n\n\n<div class=\"wp-block-group\"><div class=\"wp-block-group__inner-container is-layout-constrained wp-block-group-is-layout-constrained\">\n<h6 class=\"wp-block-heading\"><strong><em>Victoire \u00e0 l&rsquo;ext\u00e9rieur ce dimanche contre Coulaines JC &#8211; 65\/58<\/em><\/strong><\/h6>\n\n\n\n<figure class=\"wp-block-pullquote has-small-font-size\" style=\"margin-top:0;margin-right:0;margin-bottom:0;margin-left:0;padding-top:0;padding-right:var(--wp--preset--spacing--20);padding-bottom:var(--wp--preset--spacing--30);padding-left:var(--wp--preset--spacing--20)\"><blockquote><p>On est tr\u00e8s loin d\u2019avoir effectu\u00e9 un match coh\u00e9rent. <br>Il s\u2019agit d\u2019un match de reprise certes, mais nous sommes en droit de produire plus de jeu.<\/p><cite>EMMANUEL BARBAUD, coach des U18F, \u00e9voluant en NATIONAL \u00c9LITE<\/cite><\/blockquote><\/figure>\n<\/div><\/div>\n\n\n\n<p><\/p>\n","protected":false},"excerpt":{"rendered":"<p>Victoire \u00e0 domicile ce samedi contre La Similienne &#8211; 58\/53 Les U18M2 (2\u00e8me du classement) recevaient l&rsquo;\u00e9quipe de la Similienne Nantes (3\u00e8me du classement). On doit gagner ce match de 20\/30 points sans probl\u00e8me et ce malgr\u00e9 un effectif r\u00e9duit avec lequel nous devrons vivre jusqu&rsquo;\u00e0 la fin de la saison. D\u00e8s que nous creusions&#8230;<\/p>\n","protected":false},"author":1,"featured_media":3200,"comment_status":"closed","ping_status":"open","sticky":false,"template":"","format":"standard","meta":{"_kad_post_transparent":"","_kad_post_title":"","_kad_post_layout":"","_kad_post_sidebar_id":"","_kad_post_content_style":"","_kad_post_vertical_padding":"","_kad_post_feature":"","_kad_post_feature_position":"","_kad_post_header":false,"_kad_post_footer":false,"_kad_post_classname":"","footnotes":""},"categories":[54],"tags":[32],"class_list":["post-3198","post","type-post","status-publish","format-standard","has-post-thumbnail","hentry","category-le-mot-du-coach","tag-jour-de-match"],"yoast_head":"<!-- This site is optimized with the Yoast SEO plugin v27.3 - https:\/\/yoast.com\/product\/yoast-seo-wordpress\/ -->\n<title>LE MOT DU COACH - WEEK-END DU 7 MARS &#8211; ALPCM<\/title>\n<meta name=\"description\" content=\"Les derni\u00e8res actus du club de basket de l&#039;ALPCM \u00e9voluant dans le quartier du Coudray, \u00e0 Nantes. Retrouvez l&#039;agenda, les prochains camps basket et les calendriers des matchs.\" \/>\n<meta name=\"robots\" content=\"index, follow, max-snippet:-1, max-image-preview:large, max-video-preview:-1\" \/>\n<link rel=\"canonical\" href=\"https:\/\/www.alpcm.fr\/?p=3198\" \/>\n<meta property=\"og:locale\" content=\"fr_FR\" \/>\n<meta property=\"og:type\" content=\"article\" \/>\n<meta property=\"og:title\" content=\"LE MOT DU COACH - WEEK-END DU 7 MARS &#8211; ALPCM\" \/>\n<meta property=\"og:description\" content=\"Les derni\u00e8res actus du club de basket de l&#039;ALPCM \u00e9voluant dans le quartier du Coudray, \u00e0 Nantes. Retrouvez l&#039;agenda, les prochains camps basket et les calendriers des matchs.\" \/>\n<meta property=\"og:url\" content=\"https:\/\/www.alpcm.fr\/?p=3198\" \/>\n<meta property=\"og:site_name\" content=\"ALPCM\" \/>\n<meta property=\"article:publisher\" content=\"https:\/\/www.facebook.com\/ALPCMLeBasketEnJauneEtNoir\/\" \/>\n<meta property=\"article:published_time\" content=\"2026-03-10T07:50:02+00:00\" \/>\n<meta property=\"article:modified_time\" content=\"2026-03-31T15:30:34+00:00\" \/>\n<meta property=\"og:image\" content=\"http:\/\/www.alpcm.fr\/wp-content\/uploads\/2026\/03\/P1022796.jpg\" \/>\n\t<meta property=\"og:image:width\" content=\"1500\" \/>\n\t<meta property=\"og:image:height\" content=\"1125\" \/>\n\t<meta property=\"og:image:type\" content=\"image\/jpeg\" \/>\n<meta name=\"author\" content=\"alpcm_admin\" \/>\n<meta name=\"twitter:card\" content=\"summary_large_image\" \/>\n<meta name=\"twitter:label1\" content=\"\u00c9crit par\" \/>\n\t<meta name=\"twitter:data1\" content=\"alpcm_admin\" \/>\n\t<meta name=\"twitter:label2\" content=\"Dur\u00e9e de lecture estim\u00e9e\" \/>\n\t<meta name=\"twitter:data2\" content=\"1 minute\" \/>\n<script type=\"application\/ld+json\" class=\"yoast-schema-graph\">{\"@context\":\"https:\\\/\\\/schema.org\",\"@graph\":[{\"@type\":\"Article\",\"@id\":\"https:\\\/\\\/www.alpcm.fr\\\/?p=3198#article\",\"isPartOf\":{\"@id\":\"https:\\\/\\\/www.alpcm.fr\\\/?p=3198\"},\"author\":{\"name\":\"alpcm_admin\",\"@id\":\"https:\\\/\\\/www.alpcm.fr\\\/#\\\/schema\\\/person\\\/fce3d60b93843dd5ef0568928ce93148\"},\"headline\":\"LE MOT DU COACH &#8211; WEEK-END DU 7 MARS\",\"datePublished\":\"2026-03-10T07:50:02+00:00\",\"dateModified\":\"2026-03-31T15:30:34+00:00\",\"mainEntityOfPage\":{\"@id\":\"https:\\\/\\\/www.alpcm.fr\\\/?p=3198\"},\"wordCount\":299,\"publisher\":{\"@id\":\"https:\\\/\\\/www.alpcm.fr\\\/#organization\"},\"image\":{\"@id\":\"https:\\\/\\\/www.alpcm.fr\\\/?p=3198#primaryimage\"},\"thumbnailUrl\":\"https:\\\/\\\/www.alpcm.fr\\\/wp-content\\\/uploads\\\/2026\\\/03\\\/P1022796.jpg\",\"keywords\":[\"Jour de match\"],\"articleSection\":[\"Le mot du coach\"],\"inLanguage\":\"fr-FR\"},{\"@type\":\"WebPage\",\"@id\":\"https:\\\/\\\/www.alpcm.fr\\\/?p=3198\",\"url\":\"https:\\\/\\\/www.alpcm.fr\\\/?p=3198\",\"name\":\"LE MOT DU COACH - WEEK-END DU 7 MARS &#8211; ALPCM\",\"isPartOf\":{\"@id\":\"https:\\\/\\\/www.alpcm.fr\\\/#website\"},\"primaryImageOfPage\":{\"@id\":\"https:\\\/\\\/www.alpcm.fr\\\/?p=3198#primaryimage\"},\"image\":{\"@id\":\"https:\\\/\\\/www.alpcm.fr\\\/?p=3198#primaryimage\"},\"thumbnailUrl\":\"https:\\\/\\\/www.alpcm.fr\\\/wp-content\\\/uploads\\\/2026\\\/03\\\/P1022796.jpg\",\"datePublished\":\"2026-03-10T07:50:02+00:00\",\"dateModified\":\"2026-03-31T15:30:34+00:00\",\"description\":\"Les derni\u00e8res actus du club de basket de l'ALPCM \u00e9voluant dans le quartier du Coudray, \u00e0 Nantes. Retrouvez l'agenda, les prochains camps basket et les calendriers des matchs.\",\"breadcrumb\":{\"@id\":\"https:\\\/\\\/www.alpcm.fr\\\/?p=3198#breadcrumb\"},\"inLanguage\":\"fr-FR\",\"potentialAction\":[{\"@type\":\"ReadAction\",\"target\":[\"https:\\\/\\\/www.alpcm.fr\\\/?p=3198\"]}]},{\"@type\":\"ImageObject\",\"inLanguage\":\"fr-FR\",\"@id\":\"https:\\\/\\\/www.alpcm.fr\\\/?p=3198#primaryimage\",\"url\":\"https:\\\/\\\/www.alpcm.fr\\\/wp-content\\\/uploads\\\/2026\\\/03\\\/P1022796.jpg\",\"contentUrl\":\"https:\\\/\\\/www.alpcm.fr\\\/wp-content\\\/uploads\\\/2026\\\/03\\\/P1022796.jpg\",\"width\":5184,\"height\":3888},{\"@type\":\"BreadcrumbList\",\"@id\":\"https:\\\/\\\/www.alpcm.fr\\\/?p=3198#breadcrumb\",\"itemListElement\":[{\"@type\":\"ListItem\",\"position\":1,\"name\":\"Accueil\",\"item\":\"https:\\\/\\\/www.alpcm.fr\\\/\"},{\"@type\":\"ListItem\",\"position\":2,\"name\":\"LE MOT DU COACH &#8211; WEEK-END DU 7 MARS\"}]},{\"@type\":\"WebSite\",\"@id\":\"https:\\\/\\\/www.alpcm.fr\\\/#website\",\"url\":\"https:\\\/\\\/www.alpcm.fr\\\/\",\"name\":\"ALPCM\",\"description\":\"Le basket en jaune &amp; noir\",\"publisher\":{\"@id\":\"https:\\\/\\\/www.alpcm.fr\\\/#organization\"},\"alternateName\":\"Club de basket de l'ALPCM\",\"potentialAction\":[{\"@type\":\"SearchAction\",\"target\":{\"@type\":\"EntryPoint\",\"urlTemplate\":\"https:\\\/\\\/www.alpcm.fr\\\/?s={search_term_string}\"},\"query-input\":{\"@type\":\"PropertyValueSpecification\",\"valueRequired\":true,\"valueName\":\"search_term_string\"}}],\"inLanguage\":\"fr-FR\"},{\"@type\":\"Organization\",\"@id\":\"https:\\\/\\\/www.alpcm.fr\\\/#organization\",\"name\":\"Club de basket de l'ALPCM\",\"alternateName\":\"ALPCM Nantes basket\",\"url\":\"https:\\\/\\\/www.alpcm.fr\\\/\",\"logo\":{\"@type\":\"ImageObject\",\"inLanguage\":\"fr-FR\",\"@id\":\"https:\\\/\\\/www.alpcm.fr\\\/#\\\/schema\\\/logo\\\/image\\\/\",\"url\":\"https:\\\/\\\/www.alpcm.fr\\\/wp-content\\\/uploads\\\/2025\\\/05\\\/Icone_ALPCM.png\",\"contentUrl\":\"https:\\\/\\\/www.alpcm.fr\\\/wp-content\\\/uploads\\\/2025\\\/05\\\/Icone_ALPCM.png\",\"width\":512,\"height\":512,\"caption\":\"Club de basket de l'ALPCM\"},\"image\":{\"@id\":\"https:\\\/\\\/www.alpcm.fr\\\/#\\\/schema\\\/logo\\\/image\\\/\"},\"sameAs\":[\"https:\\\/\\\/www.facebook.com\\\/ALPCMLeBasketEnJauneEtNoir\\\/\",\"https:\\\/\\\/www.instagram.com\\\/alpcm_nantes\\\/\",\"https:\\\/\\\/www.linkedin.com\\\/company\\\/alpcm-nantes-basket\"]},{\"@type\":\"Person\",\"@id\":\"https:\\\/\\\/www.alpcm.fr\\\/#\\\/schema\\\/person\\\/fce3d60b93843dd5ef0568928ce93148\",\"name\":\"alpcm_admin\",\"image\":{\"@type\":\"ImageObject\",\"inLanguage\":\"fr-FR\",\"@id\":\"https:\\\/\\\/secure.gravatar.com\\\/avatar\\\/e4270c27aee86f3012b8d6a8e6508c9c61944bc75fe150ce6744f487033a81ea?s=96&d=mm&r=g\",\"url\":\"https:\\\/\\\/secure.gravatar.com\\\/avatar\\\/e4270c27aee86f3012b8d6a8e6508c9c61944bc75fe150ce6744f487033a81ea?s=96&d=mm&r=g\",\"contentUrl\":\"https:\\\/\\\/secure.gravatar.com\\\/avatar\\\/e4270c27aee86f3012b8d6a8e6508c9c61944bc75fe150ce6744f487033a81ea?s=96&d=mm&r=g\",\"caption\":\"alpcm_admin\"},\"sameAs\":[\"http:\\\/\\\/dev.alpcm.fr\"],\"url\":\"https:\\\/\\\/www.alpcm.fr\\\/?author=1\"}]}<\/script>\n<!-- \/ Yoast SEO plugin. -->","yoast_head_json":{"title":"LE MOT DU COACH - WEEK-END DU 7 MARS &#8211; ALPCM","description":"Les derni\u00e8res actus du club de basket de l'ALPCM \u00e9voluant dans le quartier du Coudray, \u00e0 Nantes. Retrouvez l'agenda, les prochains camps basket et les calendriers des matchs.","robots":{"index":"index","follow":"follow","max-snippet":"max-snippet:-1","max-image-preview":"max-image-preview:large","max-video-preview":"max-video-preview:-1"},"canonical":"https:\/\/www.alpcm.fr\/?p=3198","og_locale":"fr_FR","og_type":"article","og_title":"LE MOT DU COACH - WEEK-END DU 7 MARS &#8211; ALPCM","og_description":"Les derni\u00e8res actus du club de basket de l'ALPCM \u00e9voluant dans le quartier du Coudray, \u00e0 Nantes. Retrouvez l'agenda, les prochains camps basket et les calendriers des matchs.","og_url":"https:\/\/www.alpcm.fr\/?p=3198","og_site_name":"ALPCM","article_publisher":"https:\/\/www.facebook.com\/ALPCMLeBasketEnJauneEtNoir\/","article_published_time":"2026-03-10T07:50:02+00:00","article_modified_time":"2026-03-31T15:30:34+00:00","og_image":[{"url":"http:\/\/www.alpcm.fr\/wp-content\/uploads\/2026\/03\/P1022796.jpg","width":1500,"height":1125,"type":"image\/jpeg"}],"author":"alpcm_admin","twitter_card":"summary_large_image","twitter_misc":{"\u00c9crit par":"alpcm_admin","Dur\u00e9e de lecture estim\u00e9e":"1 minute"},"schema":{"@context":"https:\/\/schema.org","@graph":[{"@type":"Article","@id":"https:\/\/www.alpcm.fr\/?p=3198#article","isPartOf":{"@id":"https:\/\/www.alpcm.fr\/?p=3198"},"author":{"name":"alpcm_admin","@id":"https:\/\/www.alpcm.fr\/#\/schema\/person\/fce3d60b93843dd5ef0568928ce93148"},"headline":"LE MOT DU COACH &#8211; WEEK-END DU 7 MARS","datePublished":"2026-03-10T07:50:02+00:00","dateModified":"2026-03-31T15:30:34+00:00","mainEntityOfPage":{"@id":"https:\/\/www.alpcm.fr\/?p=3198"},"wordCount":299,"publisher":{"@id":"https:\/\/www.alpcm.fr\/#organization"},"image":{"@id":"https:\/\/www.alpcm.fr\/?p=3198#primaryimage"},"thumbnailUrl":"https:\/\/www.alpcm.fr\/wp-content\/uploads\/2026\/03\/P1022796.jpg","keywords":["Jour de match"],"articleSection":["Le mot du coach"],"inLanguage":"fr-FR"},{"@type":"WebPage","@id":"https:\/\/www.alpcm.fr\/?p=3198","url":"https:\/\/www.alpcm.fr\/?p=3198","name":"LE MOT DU COACH - WEEK-END DU 7 MARS &#8211; ALPCM","isPartOf":{"@id":"https:\/\/www.alpcm.fr\/#website"},"primaryImageOfPage":{"@id":"https:\/\/www.alpcm.fr\/?p=3198#primaryimage"},"image":{"@id":"https:\/\/www.alpcm.fr\/?p=3198#primaryimage"},"thumbnailUrl":"https:\/\/www.alpcm.fr\/wp-content\/uploads\/2026\/03\/P1022796.jpg","datePublished":"2026-03-10T07:50:02+00:00","dateModified":"2026-03-31T15:30:34+00:00","description":"Les derni\u00e8res actus du club de basket de l'ALPCM \u00e9voluant dans le quartier du Coudray, \u00e0 Nantes. Retrouvez l'agenda, les prochains camps basket et les calendriers des matchs.","breadcrumb":{"@id":"https:\/\/www.alpcm.fr\/?p=3198#breadcrumb"},"inLanguage":"fr-FR","potentialAction":[{"@type":"ReadAction","target":["https:\/\/www.alpcm.fr\/?p=3198"]}]},{"@type":"ImageObject","inLanguage":"fr-FR","@id":"https:\/\/www.alpcm.fr\/?p=3198#primaryimage","url":"https:\/\/www.alpcm.fr\/wp-content\/uploads\/2026\/03\/P1022796.jpg","contentUrl":"https:\/\/www.alpcm.fr\/wp-content\/uploads\/2026\/03\/P1022796.jpg","width":5184,"height":3888},{"@type":"BreadcrumbList","@id":"https:\/\/www.alpcm.fr\/?p=3198#breadcrumb","itemListElement":[{"@type":"ListItem","position":1,"name":"Accueil","item":"https:\/\/www.alpcm.fr\/"},{"@type":"ListItem","position":2,"name":"LE MOT DU COACH &#8211; WEEK-END DU 7 MARS"}]},{"@type":"WebSite","@id":"https:\/\/www.alpcm.fr\/#website","url":"https:\/\/www.alpcm.fr\/","name":"ALPCM","description":"Le basket en jaune &amp; noir","publisher":{"@id":"https:\/\/www.alpcm.fr\/#organization"},"alternateName":"Club de basket de l'ALPCM","potentialAction":[{"@type":"SearchAction","target":{"@type":"EntryPoint","urlTemplate":"https:\/\/www.alpcm.fr\/?s={search_term_string}"},"query-input":{"@type":"PropertyValueSpecification","valueRequired":true,"valueName":"search_term_string"}}],"inLanguage":"fr-FR"},{"@type":"Organization","@id":"https:\/\/www.alpcm.fr\/#organization","name":"Club de basket de l'ALPCM","alternateName":"ALPCM Nantes basket","url":"https:\/\/www.alpcm.fr\/","logo":{"@type":"ImageObject","inLanguage":"fr-FR","@id":"https:\/\/www.alpcm.fr\/#\/schema\/logo\/image\/","url":"https:\/\/www.alpcm.fr\/wp-content\/uploads\/2025\/05\/Icone_ALPCM.png","contentUrl":"https:\/\/www.alpcm.fr\/wp-content\/uploads\/2025\/05\/Icone_ALPCM.png","width":512,"height":512,"caption":"Club de basket de l'ALPCM"},"image":{"@id":"https:\/\/www.alpcm.fr\/#\/schema\/logo\/image\/"},"sameAs":["https:\/\/www.facebook.com\/ALPCMLeBasketEnJauneEtNoir\/","https:\/\/www.instagram.com\/alpcm_nantes\/","https:\/\/www.linkedin.com\/company\/alpcm-nantes-basket"]},{"@type":"Person","@id":"https:\/\/www.alpcm.fr\/#\/schema\/person\/fce3d60b93843dd5ef0568928ce93148","name":"alpcm_admin","image":{"@type":"ImageObject","inLanguage":"fr-FR","@id":"https:\/\/secure.gravatar.com\/avatar\/e4270c27aee86f3012b8d6a8e6508c9c61944bc75fe150ce6744f487033a81ea?s=96&d=mm&r=g","url":"https:\/\/secure.gravatar.com\/avatar\/e4270c27aee86f3012b8d6a8e6508c9c61944bc75fe150ce6744f487033a81ea?s=96&d=mm&r=g","contentUrl":"https:\/\/secure.gravatar.com\/avatar\/e4270c27aee86f3012b8d6a8e6508c9c61944bc75fe150ce6744f487033a81ea?s=96&d=mm&r=g","caption":"alpcm_admin"},"sameAs":["http:\/\/dev.alpcm.fr"],"url":"https:\/\/www.alpcm.fr\/?author=1"}]}},"_links":{"self":[{"href":"https:\/\/www.alpcm.fr\/index.php?rest_route=\/wp\/v2\/posts\/3198","targetHints":{"allow":["GET"]}}],"collection":[{"href":"https:\/\/www.alpcm.fr\/index.php?rest_route=\/wp\/v2\/posts"}],"about":[{"href":"https:\/\/www.alpcm.fr\/index.php?rest_route=\/wp\/v2\/types\/post"}],"author":[{"embeddable":true,"href":"https:\/\/www.alpcm.fr\/index.php?rest_route=\/wp\/v2\/users\/1"}],"replies":[{"embeddable":true,"href":"https:\/\/www.alpcm.fr\/index.php?rest_route=%2Fwp%2Fv2%2Fcomments&post=3198"}],"version-history":[{"count":2,"href":"https:\/\/www.alpcm.fr\/index.php?rest_route=\/wp\/v2\/posts\/3198\/revisions"}],"predecessor-version":[{"id":3202,"href":"https:\/\/www.alpcm.fr\/index.php?rest_route=\/wp\/v2\/posts\/3198\/revisions\/3202"}],"wp:featuredmedia":[{"embeddable":true,"href":"https:\/\/www.alpcm.fr\/index.php?rest_route=\/wp\/v2\/media\/3200"}],"wp:attachment":[{"href":"https:\/\/www.alpcm.fr\/index.php?rest_route=%2Fwp%2Fv2%2Fmedia&parent=3198"}],"wp:term":[{"taxonomy":"category","embeddable":true,"href":"https:\/\/www.alpcm.fr\/index.php?rest_route=%2Fwp%2Fv2%2Fcategories&post=3198"},{"taxonomy":"post_tag","embeddable":true,"href":"https:\/\/www.alpcm.fr\/index.php?rest_route=%2Fwp%2Fv2%2Ftags&post=3198"}],"curies":[{"name":"wp","href":"https:\/\/api.w.org\/{rel}","templated":true}]}}