{"id":3192,"date":"2026-03-10T11:40:00","date_gmt":"2026-03-10T10:40:00","guid":{"rendered":"https:\/\/www.alpcm.fr\/?p=3192"},"modified":"2026-03-31T17:29:05","modified_gmt":"2026-03-31T15:29:05","slug":"que-se-passe-t-il-ce-week-end","status":"publish","type":"post","link":"https:\/\/www.alpcm.fr\/?p=3192","title":{"rendered":"QUE SE PASSE-T-IL CE WEEK-END ?"},"content":{"rendered":"\n<p>Pendant que nos Dockeuses continuent \u00e0 travailler dur pour \u00e9crire leur histoire, une question se pose : pourquoi le font-elles ?<\/p>\n\n\n\n<p>Ce week-end est un moment particulier dans leur saison. Apr\u00e8s un parcours d\u00e9j\u00e0 remarquable, elles ont r\u00e9ussi \u00e0 se rapprocher d\u2019un objectif qui paraissait encore lointain il y a quelques mois : Bercy. Mais m\u00eame apr\u00e8s avoir accompli beaucoup, rien n\u2019est encore acquis.<\/p>\n\n\n\n<div class=\"wp-block-columns is-layout-flex wp-container-core-columns-is-layout-9d6595d7 wp-block-columns-is-layout-flex\">\n<div class=\"wp-block-column is-vertically-aligned-center is-layout-flow wp-block-column-is-layout-flow\" style=\"flex-basis:33.33%\">\n<blockquote class=\"wp-block-quote is-layout-flow wp-block-quote-is-layout-flow\"><\/blockquote>\n\n\n\n<figure class=\"wp-block-image size-full\"><img loading=\"lazy\" decoding=\"async\" width=\"3768\" height=\"2512\" src=\"http:\/\/www.alpcm.fr\/wp-content\/uploads\/2026\/03\/DSC_5264.jpg\" alt=\"\" class=\"wp-image-3194\"\/><\/figure>\n<\/div>\n\n\n\n<div class=\"wp-block-column is-layout-flow wp-block-column-is-layout-flow\"><\/div>\n\n\n\n<div class=\"wp-block-column is-vertically-aligned-center is-layout-flow wp-block-column-is-layout-flow\" style=\"flex-basis:66.66%\">\n<blockquote class=\"wp-block-quote is-layout-flow wp-block-quote-is-layout-flow\">\n<h4 class=\"wp-block-heading\">POUR ATTEINDRE LA FINALE \u00c0 BERCY, IL VA FALLOIR SE BATTRE.<\/h4>\n<\/blockquote>\n<\/div>\n<\/div>\n\n\n\n<p>Pourtant, cette \u00e9quipe nous a d\u00e9j\u00e0 prouv\u00e9 qu\u2019elle \u00e9tait capable de relever les d\u00e9fis les plus difficiles. Lorsque Calais \u00e9tait premier, nos Dockeuses ont r\u00e9ussi \u00e0 s\u2019imposer, \u00e0 domicile en novembre dernier. Et face \u00e0 Sceaux, alors leader du championnat, elles ont r\u00e9ussi \u00e0 les \u00e9liminer en huiti\u00e8me de finale en d\u00e9placement.<\/p>\n\n\n\n<p>Ces r\u00e9sultats montrent une chose : cette \u00e9quipe peut battre n\u2019importe qui.<\/p>\n\n\n\n<div class=\"wp-block-columns is-layout-flex wp-container-core-columns-is-layout-9d6595d7 wp-block-columns-is-layout-flex\">\n<div class=\"wp-block-column is-vertically-aligned-center is-layout-flow wp-block-column-is-layout-flow\">\n<blockquote class=\"wp-block-quote is-layout-flow wp-block-quote-is-layout-flow\">\n<h3 class=\"wp-block-heading\">D\u00e9sormais, Bercy n\u2019est plus qu\u2019\u00e0 deux matchs.<\/h3>\n<\/blockquote>\n<\/div>\n\n\n\n<div class=\"wp-block-column is-layout-flow wp-block-column-is-layout-flow\"><div class=\"wp-block-image\">\n<figure class=\"alignleft size-full is-resized\"><img loading=\"lazy\" decoding=\"async\" width=\"3456\" height=\"5184\" src=\"http:\/\/www.alpcm.fr\/wp-content\/uploads\/2026\/03\/IMG_9872.jpeg\" alt=\"\" class=\"wp-image-3193\" style=\"aspect-ratio:0.666671471402214;width:330px;height:auto\"\/><\/figure>\n<\/div><\/div>\n<\/div>\n\n\n\n<p>Le premier sera face \u00e0 l\u2019ASA Nord Alsace, leader de la poule A. En cas de victoire, nos Dockeuses affronteront ensuite le vainqueur du match entre le Stade Fran\u00e7ais et Lamboisi\u00e8res. Tout cela se d\u00e9roulera \u00e0 Gravenchon, et on se donne rendez-vous \u00e0 20h en direct ou sur YouTube.<\/p>\n\n\n\n<p>Deux rencontres d\u00e9cisives pour continuer \u00e0 r\u00eaver plus grand.<\/p>\n\n\n\n<p><\/p>\n","protected":false},"excerpt":{"rendered":"<p>Pendant que nos Dockeuses continuent \u00e0 travailler dur pour \u00e9crire leur histoire, une question se pose : pourquoi le font-elles ? Ce week-end est un moment particulier dans leur saison. Apr\u00e8s un parcours d\u00e9j\u00e0 remarquable, elles ont r\u00e9ussi \u00e0 se rapprocher d\u2019un objectif qui paraissait encore lointain il y a quelques mois : Bercy. Mais&#8230;<\/p>\n","protected":false},"author":1,"featured_media":3035,"comment_status":"closed","ping_status":"open","sticky":false,"template":"","format":"standard","meta":{"_kad_post_transparent":"","_kad_post_title":"","_kad_post_layout":"","_kad_post_sidebar_id":"","_kad_post_content_style":"","_kad_post_vertical_padding":"","_kad_post_feature":"","_kad_post_feature_position":"","_kad_post_header":false,"_kad_post_footer":false,"_kad_post_classname":"","footnotes":""},"categories":[58,8],"tags":[55,32,30,25],"class_list":["post-3192","post","type-post","status-publish","format-standard","has-post-thumbnail","hentry","category-championnats","category-evenements","tag-coupe-de-france","tag-jour-de-match","tag-nf1","tag-seniors"],"yoast_head":"<!-- This site is optimized with the Yoast SEO plugin v27.3 - https:\/\/yoast.com\/product\/yoast-seo-wordpress\/ -->\n<title>QUE SE PASSE-T-IL CE WEEK-END ? &#8211; ALPCM<\/title>\n<meta name=\"description\" content=\"Les derni\u00e8res actus du club de basket de l&#039;ALPCM \u00e9voluant dans le quartier du Coudray, \u00e0 Nantes. Retrouvez l&#039;agenda, les prochains camps basket et les calendriers des matchs.\" \/>\n<meta name=\"robots\" content=\"index, follow, max-snippet:-1, max-image-preview:large, max-video-preview:-1\" \/>\n<link rel=\"canonical\" href=\"https:\/\/www.alpcm.fr\/?p=3192\" \/>\n<meta property=\"og:locale\" content=\"fr_FR\" \/>\n<meta property=\"og:type\" content=\"article\" \/>\n<meta property=\"og:title\" content=\"QUE SE PASSE-T-IL CE WEEK-END ? &#8211; ALPCM\" \/>\n<meta property=\"og:description\" content=\"Les derni\u00e8res actus du club de basket de l&#039;ALPCM \u00e9voluant dans le quartier du Coudray, \u00e0 Nantes. Retrouvez l&#039;agenda, les prochains camps basket et les calendriers des matchs.\" \/>\n<meta property=\"og:url\" content=\"https:\/\/www.alpcm.fr\/?p=3192\" \/>\n<meta property=\"og:site_name\" content=\"ALPCM\" \/>\n<meta property=\"article:publisher\" content=\"https:\/\/www.facebook.com\/ALPCMLeBasketEnJauneEtNoir\/\" \/>\n<meta property=\"article:published_time\" content=\"2026-03-10T10:40:00+00:00\" \/>\n<meta property=\"article:modified_time\" content=\"2026-03-31T15:29:05+00:00\" \/>\n<meta property=\"og:image\" content=\"http:\/\/www.alpcm.fr\/wp-content\/uploads\/2026\/01\/Media-day_3.jpg\" \/>\n\t<meta property=\"og:image:width\" content=\"1500\" \/>\n\t<meta property=\"og:image:height\" content=\"1000\" \/>\n\t<meta property=\"og:image:type\" content=\"image\/jpeg\" \/>\n<meta name=\"author\" content=\"alpcm_admin\" \/>\n<meta name=\"twitter:card\" content=\"summary_large_image\" \/>\n<meta name=\"twitter:label1\" content=\"\u00c9crit par\" \/>\n\t<meta name=\"twitter:data1\" content=\"alpcm_admin\" \/>\n\t<meta name=\"twitter:label2\" content=\"Dur\u00e9e de lecture estim\u00e9e\" \/>\n\t<meta name=\"twitter:data2\" content=\"2 minutes\" \/>\n<script type=\"application\/ld+json\" class=\"yoast-schema-graph\">{\"@context\":\"https:\\\/\\\/schema.org\",\"@graph\":[{\"@type\":\"Article\",\"@id\":\"https:\\\/\\\/www.alpcm.fr\\\/?p=3192#article\",\"isPartOf\":{\"@id\":\"https:\\\/\\\/www.alpcm.fr\\\/?p=3192\"},\"author\":{\"name\":\"alpcm_admin\",\"@id\":\"https:\\\/\\\/www.alpcm.fr\\\/#\\\/schema\\\/person\\\/fce3d60b93843dd5ef0568928ce93148\"},\"headline\":\"QUE SE PASSE-T-IL CE WEEK-END ?\",\"datePublished\":\"2026-03-10T10:40:00+00:00\",\"dateModified\":\"2026-03-31T15:29:05+00:00\",\"mainEntityOfPage\":{\"@id\":\"https:\\\/\\\/www.alpcm.fr\\\/?p=3192\"},\"wordCount\":219,\"publisher\":{\"@id\":\"https:\\\/\\\/www.alpcm.fr\\\/#organization\"},\"image\":{\"@id\":\"https:\\\/\\\/www.alpcm.fr\\\/?p=3192#primaryimage\"},\"thumbnailUrl\":\"https:\\\/\\\/www.alpcm.fr\\\/wp-content\\\/uploads\\\/2026\\\/01\\\/Media-day_3.jpg\",\"keywords\":[\"Coupe de France\",\"Jour de match\",\"NF1\",\"Seniors\"],\"articleSection\":[\"Championnats\",\"\u00c9v\u00e9nements\"],\"inLanguage\":\"fr-FR\"},{\"@type\":\"WebPage\",\"@id\":\"https:\\\/\\\/www.alpcm.fr\\\/?p=3192\",\"url\":\"https:\\\/\\\/www.alpcm.fr\\\/?p=3192\",\"name\":\"QUE SE PASSE-T-IL CE WEEK-END ? &#8211; ALPCM\",\"isPartOf\":{\"@id\":\"https:\\\/\\\/www.alpcm.fr\\\/#website\"},\"primaryImageOfPage\":{\"@id\":\"https:\\\/\\\/www.alpcm.fr\\\/?p=3192#primaryimage\"},\"image\":{\"@id\":\"https:\\\/\\\/www.alpcm.fr\\\/?p=3192#primaryimage\"},\"thumbnailUrl\":\"https:\\\/\\\/www.alpcm.fr\\\/wp-content\\\/uploads\\\/2026\\\/01\\\/Media-day_3.jpg\",\"datePublished\":\"2026-03-10T10:40:00+00:00\",\"dateModified\":\"2026-03-31T15:29:05+00:00\",\"description\":\"Les derni\u00e8res actus du club de basket de l'ALPCM \u00e9voluant dans le quartier du Coudray, \u00e0 Nantes. Retrouvez l'agenda, les prochains camps basket et les calendriers des matchs.\",\"breadcrumb\":{\"@id\":\"https:\\\/\\\/www.alpcm.fr\\\/?p=3192#breadcrumb\"},\"inLanguage\":\"fr-FR\",\"potentialAction\":[{\"@type\":\"ReadAction\",\"target\":[\"https:\\\/\\\/www.alpcm.fr\\\/?p=3192\"]}]},{\"@type\":\"ImageObject\",\"inLanguage\":\"fr-FR\",\"@id\":\"https:\\\/\\\/www.alpcm.fr\\\/?p=3192#primaryimage\",\"url\":\"https:\\\/\\\/www.alpcm.fr\\\/wp-content\\\/uploads\\\/2026\\\/01\\\/Media-day_3.jpg\",\"contentUrl\":\"https:\\\/\\\/www.alpcm.fr\\\/wp-content\\\/uploads\\\/2026\\\/01\\\/Media-day_3.jpg\",\"width\":5506,\"height\":3671},{\"@type\":\"BreadcrumbList\",\"@id\":\"https:\\\/\\\/www.alpcm.fr\\\/?p=3192#breadcrumb\",\"itemListElement\":[{\"@type\":\"ListItem\",\"position\":1,\"name\":\"Accueil\",\"item\":\"https:\\\/\\\/www.alpcm.fr\\\/\"},{\"@type\":\"ListItem\",\"position\":2,\"name\":\"QUE SE PASSE-T-IL CE WEEK-END ?\"}]},{\"@type\":\"WebSite\",\"@id\":\"https:\\\/\\\/www.alpcm.fr\\\/#website\",\"url\":\"https:\\\/\\\/www.alpcm.fr\\\/\",\"name\":\"ALPCM\",\"description\":\"Le basket en jaune &amp; noir\",\"publisher\":{\"@id\":\"https:\\\/\\\/www.alpcm.fr\\\/#organization\"},\"alternateName\":\"Club de basket de l'ALPCM\",\"potentialAction\":[{\"@type\":\"SearchAction\",\"target\":{\"@type\":\"EntryPoint\",\"urlTemplate\":\"https:\\\/\\\/www.alpcm.fr\\\/?s={search_term_string}\"},\"query-input\":{\"@type\":\"PropertyValueSpecification\",\"valueRequired\":true,\"valueName\":\"search_term_string\"}}],\"inLanguage\":\"fr-FR\"},{\"@type\":\"Organization\",\"@id\":\"https:\\\/\\\/www.alpcm.fr\\\/#organization\",\"name\":\"Club de basket de l'ALPCM\",\"alternateName\":\"ALPCM Nantes basket\",\"url\":\"https:\\\/\\\/www.alpcm.fr\\\/\",\"logo\":{\"@type\":\"ImageObject\",\"inLanguage\":\"fr-FR\",\"@id\":\"https:\\\/\\\/www.alpcm.fr\\\/#\\\/schema\\\/logo\\\/image\\\/\",\"url\":\"https:\\\/\\\/www.alpcm.fr\\\/wp-content\\\/uploads\\\/2025\\\/05\\\/Icone_ALPCM.png\",\"contentUrl\":\"https:\\\/\\\/www.alpcm.fr\\\/wp-content\\\/uploads\\\/2025\\\/05\\\/Icone_ALPCM.png\",\"width\":512,\"height\":512,\"caption\":\"Club de basket de l'ALPCM\"},\"image\":{\"@id\":\"https:\\\/\\\/www.alpcm.fr\\\/#\\\/schema\\\/logo\\\/image\\\/\"},\"sameAs\":[\"https:\\\/\\\/www.facebook.com\\\/ALPCMLeBasketEnJauneEtNoir\\\/\",\"https:\\\/\\\/www.instagram.com\\\/alpcm_nantes\\\/\",\"https:\\\/\\\/www.linkedin.com\\\/company\\\/alpcm-nantes-basket\"]},{\"@type\":\"Person\",\"@id\":\"https:\\\/\\\/www.alpcm.fr\\\/#\\\/schema\\\/person\\\/fce3d60b93843dd5ef0568928ce93148\",\"name\":\"alpcm_admin\",\"image\":{\"@type\":\"ImageObject\",\"inLanguage\":\"fr-FR\",\"@id\":\"https:\\\/\\\/secure.gravatar.com\\\/avatar\\\/e4270c27aee86f3012b8d6a8e6508c9c61944bc75fe150ce6744f487033a81ea?s=96&d=mm&r=g\",\"url\":\"https:\\\/\\\/secure.gravatar.com\\\/avatar\\\/e4270c27aee86f3012b8d6a8e6508c9c61944bc75fe150ce6744f487033a81ea?s=96&d=mm&r=g\",\"contentUrl\":\"https:\\\/\\\/secure.gravatar.com\\\/avatar\\\/e4270c27aee86f3012b8d6a8e6508c9c61944bc75fe150ce6744f487033a81ea?s=96&d=mm&r=g\",\"caption\":\"alpcm_admin\"},\"sameAs\":[\"http:\\\/\\\/dev.alpcm.fr\"],\"url\":\"https:\\\/\\\/www.alpcm.fr\\\/?author=1\"}]}<\/script>\n<!-- \/ Yoast SEO plugin. -->","yoast_head_json":{"title":"QUE SE PASSE-T-IL CE WEEK-END ? &#8211; ALPCM","description":"Les derni\u00e8res actus du club de basket de l'ALPCM \u00e9voluant dans le quartier du Coudray, \u00e0 Nantes. Retrouvez l'agenda, les prochains camps basket et les calendriers des matchs.","robots":{"index":"index","follow":"follow","max-snippet":"max-snippet:-1","max-image-preview":"max-image-preview:large","max-video-preview":"max-video-preview:-1"},"canonical":"https:\/\/www.alpcm.fr\/?p=3192","og_locale":"fr_FR","og_type":"article","og_title":"QUE SE PASSE-T-IL CE WEEK-END ? &#8211; ALPCM","og_description":"Les derni\u00e8res actus du club de basket de l'ALPCM \u00e9voluant dans le quartier du Coudray, \u00e0 Nantes. Retrouvez l'agenda, les prochains camps basket et les calendriers des matchs.","og_url":"https:\/\/www.alpcm.fr\/?p=3192","og_site_name":"ALPCM","article_publisher":"https:\/\/www.facebook.com\/ALPCMLeBasketEnJauneEtNoir\/","article_published_time":"2026-03-10T10:40:00+00:00","article_modified_time":"2026-03-31T15:29:05+00:00","og_image":[{"url":"http:\/\/www.alpcm.fr\/wp-content\/uploads\/2026\/01\/Media-day_3.jpg","width":1500,"height":1000,"type":"image\/jpeg"}],"author":"alpcm_admin","twitter_card":"summary_large_image","twitter_misc":{"\u00c9crit par":"alpcm_admin","Dur\u00e9e de lecture estim\u00e9e":"2 minutes"},"schema":{"@context":"https:\/\/schema.org","@graph":[{"@type":"Article","@id":"https:\/\/www.alpcm.fr\/?p=3192#article","isPartOf":{"@id":"https:\/\/www.alpcm.fr\/?p=3192"},"author":{"name":"alpcm_admin","@id":"https:\/\/www.alpcm.fr\/#\/schema\/person\/fce3d60b93843dd5ef0568928ce93148"},"headline":"QUE SE PASSE-T-IL CE WEEK-END ?","datePublished":"2026-03-10T10:40:00+00:00","dateModified":"2026-03-31T15:29:05+00:00","mainEntityOfPage":{"@id":"https:\/\/www.alpcm.fr\/?p=3192"},"wordCount":219,"publisher":{"@id":"https:\/\/www.alpcm.fr\/#organization"},"image":{"@id":"https:\/\/www.alpcm.fr\/?p=3192#primaryimage"},"thumbnailUrl":"https:\/\/www.alpcm.fr\/wp-content\/uploads\/2026\/01\/Media-day_3.jpg","keywords":["Coupe de France","Jour de match","NF1","Seniors"],"articleSection":["Championnats","\u00c9v\u00e9nements"],"inLanguage":"fr-FR"},{"@type":"WebPage","@id":"https:\/\/www.alpcm.fr\/?p=3192","url":"https:\/\/www.alpcm.fr\/?p=3192","name":"QUE SE PASSE-T-IL CE WEEK-END ? &#8211; ALPCM","isPartOf":{"@id":"https:\/\/www.alpcm.fr\/#website"},"primaryImageOfPage":{"@id":"https:\/\/www.alpcm.fr\/?p=3192#primaryimage"},"image":{"@id":"https:\/\/www.alpcm.fr\/?p=3192#primaryimage"},"thumbnailUrl":"https:\/\/www.alpcm.fr\/wp-content\/uploads\/2026\/01\/Media-day_3.jpg","datePublished":"2026-03-10T10:40:00+00:00","dateModified":"2026-03-31T15:29:05+00:00","description":"Les derni\u00e8res actus du club de basket de l'ALPCM \u00e9voluant dans le quartier du Coudray, \u00e0 Nantes. Retrouvez l'agenda, les prochains camps basket et les calendriers des matchs.","breadcrumb":{"@id":"https:\/\/www.alpcm.fr\/?p=3192#breadcrumb"},"inLanguage":"fr-FR","potentialAction":[{"@type":"ReadAction","target":["https:\/\/www.alpcm.fr\/?p=3192"]}]},{"@type":"ImageObject","inLanguage":"fr-FR","@id":"https:\/\/www.alpcm.fr\/?p=3192#primaryimage","url":"https:\/\/www.alpcm.fr\/wp-content\/uploads\/2026\/01\/Media-day_3.jpg","contentUrl":"https:\/\/www.alpcm.fr\/wp-content\/uploads\/2026\/01\/Media-day_3.jpg","width":5506,"height":3671},{"@type":"BreadcrumbList","@id":"https:\/\/www.alpcm.fr\/?p=3192#breadcrumb","itemListElement":[{"@type":"ListItem","position":1,"name":"Accueil","item":"https:\/\/www.alpcm.fr\/"},{"@type":"ListItem","position":2,"name":"QUE SE PASSE-T-IL CE WEEK-END ?"}]},{"@type":"WebSite","@id":"https:\/\/www.alpcm.fr\/#website","url":"https:\/\/www.alpcm.fr\/","name":"ALPCM","description":"Le basket en jaune &amp; noir","publisher":{"@id":"https:\/\/www.alpcm.fr\/#organization"},"alternateName":"Club de basket de l'ALPCM","potentialAction":[{"@type":"SearchAction","target":{"@type":"EntryPoint","urlTemplate":"https:\/\/www.alpcm.fr\/?s={search_term_string}"},"query-input":{"@type":"PropertyValueSpecification","valueRequired":true,"valueName":"search_term_string"}}],"inLanguage":"fr-FR"},{"@type":"Organization","@id":"https:\/\/www.alpcm.fr\/#organization","name":"Club de basket de l'ALPCM","alternateName":"ALPCM Nantes basket","url":"https:\/\/www.alpcm.fr\/","logo":{"@type":"ImageObject","inLanguage":"fr-FR","@id":"https:\/\/www.alpcm.fr\/#\/schema\/logo\/image\/","url":"https:\/\/www.alpcm.fr\/wp-content\/uploads\/2025\/05\/Icone_ALPCM.png","contentUrl":"https:\/\/www.alpcm.fr\/wp-content\/uploads\/2025\/05\/Icone_ALPCM.png","width":512,"height":512,"caption":"Club de basket de l'ALPCM"},"image":{"@id":"https:\/\/www.alpcm.fr\/#\/schema\/logo\/image\/"},"sameAs":["https:\/\/www.facebook.com\/ALPCMLeBasketEnJauneEtNoir\/","https:\/\/www.instagram.com\/alpcm_nantes\/","https:\/\/www.linkedin.com\/company\/alpcm-nantes-basket"]},{"@type":"Person","@id":"https:\/\/www.alpcm.fr\/#\/schema\/person\/fce3d60b93843dd5ef0568928ce93148","name":"alpcm_admin","image":{"@type":"ImageObject","inLanguage":"fr-FR","@id":"https:\/\/secure.gravatar.com\/avatar\/e4270c27aee86f3012b8d6a8e6508c9c61944bc75fe150ce6744f487033a81ea?s=96&d=mm&r=g","url":"https:\/\/secure.gravatar.com\/avatar\/e4270c27aee86f3012b8d6a8e6508c9c61944bc75fe150ce6744f487033a81ea?s=96&d=mm&r=g","contentUrl":"https:\/\/secure.gravatar.com\/avatar\/e4270c27aee86f3012b8d6a8e6508c9c61944bc75fe150ce6744f487033a81ea?s=96&d=mm&r=g","caption":"alpcm_admin"},"sameAs":["http:\/\/dev.alpcm.fr"],"url":"https:\/\/www.alpcm.fr\/?author=1"}]}},"_links":{"self":[{"href":"https:\/\/www.alpcm.fr\/index.php?rest_route=\/wp\/v2\/posts\/3192","targetHints":{"allow":["GET"]}}],"collection":[{"href":"https:\/\/www.alpcm.fr\/index.php?rest_route=\/wp\/v2\/posts"}],"about":[{"href":"https:\/\/www.alpcm.fr\/index.php?rest_route=\/wp\/v2\/types\/post"}],"author":[{"embeddable":true,"href":"https:\/\/www.alpcm.fr\/index.php?rest_route=\/wp\/v2\/users\/1"}],"replies":[{"embeddable":true,"href":"https:\/\/www.alpcm.fr\/index.php?rest_route=%2Fwp%2Fv2%2Fcomments&post=3192"}],"version-history":[{"count":1,"href":"https:\/\/www.alpcm.fr\/index.php?rest_route=\/wp\/v2\/posts\/3192\/revisions"}],"predecessor-version":[{"id":3195,"href":"https:\/\/www.alpcm.fr\/index.php?rest_route=\/wp\/v2\/posts\/3192\/revisions\/3195"}],"wp:featuredmedia":[{"embeddable":true,"href":"https:\/\/www.alpcm.fr\/index.php?rest_route=\/wp\/v2\/media\/3035"}],"wp:attachment":[{"href":"https:\/\/www.alpcm.fr\/index.php?rest_route=%2Fwp%2Fv2%2Fmedia&parent=3192"}],"wp:term":[{"taxonomy":"category","embeddable":true,"href":"https:\/\/www.alpcm.fr\/index.php?rest_route=%2Fwp%2Fv2%2Fcategories&post=3192"},{"taxonomy":"post_tag","embeddable":true,"href":"https:\/\/www.alpcm.fr\/index.php?rest_route=%2Fwp%2Fv2%2Ftags&post=3192"}],"curies":[{"name":"wp","href":"https:\/\/api.w.org\/{rel}","templated":true}]}}